{"id":10203,"date":"2016-11-26T08:49:09","date_gmt":"2016-11-26T07:49:09","guid":{"rendered":"http:\/\/www.frankensicht.de\/?p=10203"},"modified":"2016-11-26T08:49:09","modified_gmt":"2016-11-26T07:49:09","slug":"weitere-188-millionen-euro-fuer-sanierung-der-klinik-naila","status":"publish","type":"post","link":"https:\/\/www.frankensicht.de\/?p=10203","title":{"rendered":"Weitere 1,88 Millionen Euro f\u00fcr Sanierung der Klinik Naila"},"content":{"rendered":"<p><span style=\"color: #ff0000;\">Naila:<\/span><\/p>\n<p>Huml und S\u00f6der: Weitere 1,88 Millionen Euro f\u00fcr Sanierung der Klinik Naila &#8211; Insgesamt 4,8 Millionen Euro F\u00f6rderung in 2016 &#8211; 1. Bauabschnitt: Anbau f\u00fcr Allgemeinpflege und Intensivmedizin<\/p>\n<p>&#8222;Das Kommunalunternehmen Kliniken HochFranken erh\u00e4lt zus\u00e4tzlich 1,88 Millionen Euro f\u00fcr den ersten Bauabschnitt der Sanierung der Klinik Naila. Damit unterst\u00fctzt der Freistaat die wichtige Kliniksanierung mit rund 4,8 Millionen Euro in 2016&#8220;, k\u00fcndigte Finanz- und Heimatminister Dr. Markus S\u00f6der heute an. Bayerns Gesundheitsministerin Melanie Huml begr\u00fcndete die gemeinsame Entscheidung: &#8222;Dies ist ein wichtiges und positives Signal f\u00fcr die Krankenhausversorgung in Oberfranken. Die Klinik Naila soll in mehreren Bauabschnitten erheblich erweitert und neu strukturiert werden. Im ersten Bauabschnitt wird im S\u00fcden des bestehenden Bettenhauses ein Anbau f\u00fcr die Allgemeinpflege und die Intensivmedizin errichtet.&#8220;<\/p>\n<p><a href=\"https:\/\/www.frankensicht.de\/?attachment_id=4951\" rel=\"attachment wp-att-4951\"><img loading=\"lazy\" decoding=\"async\" class=\"alignnone size-medium wp-image-4951\" src=\"https:\/\/www.frankensicht.de\/wp-content\/uploads\/2013\/01\/krankenhaus-300x187.jpg\" alt=\"krankenhaus\" width=\"300\" height=\"187\" srcset=\"https:\/\/www.frankensicht.de\/wp-content\/uploads\/2013\/01\/krankenhaus-300x187.jpg 300w, https:\/\/www.frankensicht.de\/wp-content\/uploads\/2013\/01\/krankenhaus.jpg 640w\" sizes=\"auto, (max-width: 300px) 100vw, 300px\" \/><\/a><\/p>\n<p>Der Vorsitzende des Verwaltungsrats der &#8222;Kliniken HochFranken&#8220;, Landrat Dr. Oliver B\u00e4r, dankte f\u00fcr die finanzielle Unterst\u00fctzung: &#8222;Wir freuen uns \u00fcber das starke Engagement des Freistaates Bayern hinsichtlich F\u00f6rderh\u00f6he und F\u00f6rdergeschwindigkeit. Dadurch k\u00f6nnen wir unsere hervorragenden Kliniken Hochfranken stark f\u00fcr die Zukunft aufstellen. Sie sind ein wichtiger Anker in der Gesundheitsversorgung der Region und mit 840 Besch\u00e4ftigten ein wichtiger Arbeitgeber. Der Bau liegt im Zeitplan und die F\u00f6rdermittel kommen genau zur rechten Zeit.&#8220;<\/p>\n<p>Urspr\u00fcnglich war das Bauprojekt in Naila mit f\u00f6rderf\u00e4higen Gesamtkosten von rund 30 Millionen Euro erst f\u00fcr eine Aufnahme in das Jahreskrankenhausbauprogramm 2018 vorgesehen. Aufgrund der guten F\u00f6rdermittelsituation konnte das wichtige Sanierungsprojekt um zwei Jahre vorgezogen werden. Im Jahreskrankenhausbauprogramm 2016 wurde daher eine erste F\u00f6rderrate von 2,92 Millionen Euro bereitgestellt und bereits ausbezahlt. Mit den zus\u00e4tzlichen F\u00f6rdermitteln von 1,88 Millionen Euro wird der vom Kliniktr\u00e4ger in der zweiten Jahresh\u00e4lfte angemeldete Mehrbedarf abgedeckt. Dadurch werden dem Kliniktr\u00e4ger Vorfinanzierungskosten erspart.<\/p>\n<p>Huml betonte: &#8222;Der Freistaat steht f\u00fcr gleichwertige Lebensbedingungen in ganz Bayern &amp;ndash; dazu geh\u00f6rt auch eine angemessene medizinische Versorgung in den l\u00e4ndlichen Regionen.&amp;ldquo; S\u00f6der unterstrich: &#8222;Wir sind verl\u00e4sslicher Finanzierungspartner unserer Krankenh\u00e4user.&#8220;<\/p>\n<p>Der Freistaat Bayern stellt gemeinsam mit den Kommunen im Jahr 2016 insgesamt eine halbe Milliarde Euro f\u00fcr Krankenhausinvestitionen zur Verf\u00fcgung. Der \u00fcberwiegende Teil der F\u00f6rdermittel flie\u00dft in die im Jahreskrankenhausbauprogramm aufgenommenen Bauprojekte. Im Bauprogramm 2016 sind 96 Krankenhausbauprojekte mit einem Gesamtkostenvolumen von rund 1,5 Milliarden Euro aufgenommen. Mit den dort bereitgestellten F\u00f6rderraten in H\u00f6he von insgesamt 333 Mio. Euro kann der Mittelbedarf dieser Bauprojekte vollst\u00e4ndig abgedeckt werden. Ein zus\u00e4tzlicher Mittelbedarf ergab sich nur beim ersten Bauabschnitt der Klinik Naila, der aus Restmitteln finanziert wird.<\/p>\n<p>Weitere Informationen:http:\/\/www.krankenhausversorgung.bayern.de<\/p>\n<p>Quelle:stmgp.bayern.de<\/p>\n","protected":false},"excerpt":{"rendered":"<p>Naila: Huml und S\u00f6der: Weitere 1,88 Millionen Euro f\u00fcr Sanierung der Klinik Naila &#8211; Insgesamt 4,8 Millionen Euro F\u00f6rderung in 2016 &#8211; 1. Bauabschnitt: Anbau f\u00fcr Allgemeinpflege und Intensivmedizin &#8222;Das Kommunalunternehmen Kliniken HochFranken erh\u00e4lt zus\u00e4tzlich 1,88 Millionen Euro f\u00fcr den ersten Bauabschnitt der Sanierung der Klinik Naila. Damit unterst\u00fctzt der Freistaat die wichtige Kliniksanierung mit [&hellip;]<\/p>\n","protected":false},"author":7,"featured_media":4951,"comment_status":"closed","ping_status":"open","sticky":false,"template":"","format":"standard","meta":{"footnotes":""},"categories":[78,71,83],"tags":[2127,2128],"class_list":["post-10203","post","type-post","status-publish","format-standard","has-post-thumbnail","hentry","category-bayern","category-menue","category-oberfranken","tag-hochfranken","tag-naila"],"_links":{"self":[{"href":"https:\/\/www.frankensicht.de\/index.php?rest_route=\/wp\/v2\/posts\/10203","targetHints":{"allow":["GET"]}}],"collection":[{"href":"https:\/\/www.frankensicht.de\/index.php?rest_route=\/wp\/v2\/posts"}],"about":[{"href":"https:\/\/www.frankensicht.de\/index.php?rest_route=\/wp\/v2\/types\/post"}],"author":[{"embeddable":true,"href":"https:\/\/www.frankensicht.de\/index.php?rest_route=\/wp\/v2\/users\/7"}],"replies":[{"embeddable":true,"href":"https:\/\/www.frankensicht.de\/index.php?rest_route=%2Fwp%2Fv2%2Fcomments&post=10203"}],"version-history":[{"count":2,"href":"https:\/\/www.frankensicht.de\/index.php?rest_route=\/wp\/v2\/posts\/10203\/revisions"}],"predecessor-version":[{"id":10205,"href":"https:\/\/www.frankensicht.de\/index.php?rest_route=\/wp\/v2\/posts\/10203\/revisions\/10205"}],"wp:featuredmedia":[{"embeddable":true,"href":"https:\/\/www.frankensicht.de\/index.php?rest_route=\/wp\/v2\/media\/4951"}],"wp:attachment":[{"href":"https:\/\/www.frankensicht.de\/index.php?rest_route=%2Fwp%2Fv2%2Fmedia&parent=10203"}],"wp:term":[{"taxonomy":"category","embeddable":true,"href":"https:\/\/www.frankensicht.de\/index.php?rest_route=%2Fwp%2Fv2%2Fcategories&post=10203"},{"taxonomy":"post_tag","embeddable":true,"href":"https:\/\/www.frankensicht.de\/index.php?rest_route=%2Fwp%2Fv2%2Ftags&post=10203"}],"curies":[{"name":"wp","href":"https:\/\/api.w.org\/{rel}","templated":true}]}}