{"id":10201,"date":"2016-11-27T08:24:49","date_gmt":"2016-11-27T07:24:49","guid":{"rendered":"http:\/\/www.frankensicht.de\/?p=10201"},"modified":"2016-11-27T08:24:49","modified_gmt":"2016-11-27T07:24:49","slug":"10-jahre-unternehmergymnasium-bayern-in-pfarrkirchen","status":"publish","type":"post","link":"https:\/\/www.frankensicht.de\/?p=10201","title":{"rendered":"10 Jahre Unternehmergymnasium Bayern&#8220; in Pfarrkirchen"},"content":{"rendered":"<p><span style=\"color: #ff0000;\">Pfarrkirchen:<\/span><\/p>\n<p>Bildungsminister Dr. Ludwig Spaenle beim Festakt &#8222;10 Jahre Unternehmergymnasium Bayern&#8220; in Pfarrkirchen<br \/>\n&#8222;Vorzeigeprojekt der \u00f6konomischen Bildung und Beispiel f\u00fcr eine fruchtbare Kooperation von Schule und Wirtschaft&#8220;<\/p>\n<p>Bildungsminister Dr. Ludwig Spaenle nahm das zehnj\u00e4hrige Jubil\u00e4um des &#8222;Unternehmergymnasiums Bayern&#8220; zum Anlass, um das bayernweit einmalige Projekt am Gymnasium Pfarrkirchen in Kooperation mit der regionalen Wirtschaft zu w\u00fcrdigen: &#8222;Vor zehn Jahren wurde am Gymnasium Pfarrkirchen die Idee geboren, die unternehmerischen Potenziale der Sch\u00fcler schon fr\u00fchzeitig zu entdecken, ihnen unternehmerisches Denken und Handeln zu vermitteln, ihre Talente optimal zu f\u00f6rdern und sie auf ihrem Weg in eine m\u00f6gliche Selbstst\u00e4ndigkeit zu unterst\u00fctzen.&#8220;<\/p>\n<p><a href=\"https:\/\/www.frankensicht.de\/?attachment_id=2831\" rel=\"attachment wp-att-2831\"><img loading=\"lazy\" decoding=\"async\" class=\"alignnone size-medium wp-image-2831\" src=\"https:\/\/www.frankensicht.de\/wp-content\/uploads\/2012\/06\/schule-300x187.jpg\" alt=\"schule\" width=\"300\" height=\"187\" srcset=\"https:\/\/www.frankensicht.de\/wp-content\/uploads\/2012\/06\/schule-300x187.jpg 300w, https:\/\/www.frankensicht.de\/wp-content\/uploads\/2012\/06\/schule.jpg 640w\" sizes=\"auto, (max-width: 300px) 100vw, 300px\" \/><\/a><\/p>\n<p>In einer Zwischenbilanz hob Minister Dr. Spaenle die betriebswirtschaftlichen Unterrichtsmodule von Unternehmenspraktikern, die Fachvortr\u00e4ge am Gymnasium Pfarrkirchen und Betriebspraktika bei den kooperierenden Unternehmen hervor. \u00dcberdies gewinnen die Sch\u00fclerinnen und Sch\u00fcler Einblicke in betriebliche Abl\u00e4ufe durch die Mitarbeit in Sch\u00fclerfirmen oder mit der Gr\u00fcndung eines eigenen Unternehmens.<\/p>\n<p>&#8222;Das Unternehmergymnasium ist ein Vorzeigeprojekt der \u00f6konomischen Bildung und ein hervorragendes Beispiel f\u00fcr eine fruchtbare Kooperation von Schule und Wirtschaft&#8220;, stellte der Bildungsminister fest. &#8222;Mit landesweiten Workshops zu unternehmerischen Denken und Handeln hat das Gymnasium eine wichtige Multiplikatorenfunktion und es erm\u00f6glicht Sch\u00fclern, online und interaktiv per Webcam an den Unterrichtseinheiten teilzunehmen. Hier zeigt sich, welche neuen M\u00f6glichkeiten die Digitalisierung den Schulen bietet&#8220;, so Minister Dr. Spaenle weiter.<\/p>\n<p>Besonders betonte Bildungsminister Dr. Spaenle die Bedeutung des Unternehmergymnasiums f\u00fcr die Pers\u00f6nlichkeitsentwicklung der jungen Menschen: &#8222;Die Sch\u00fcler lernen \u00fcber die Fachinhalte hinaus eine kreative Idee zu entfalten, offen f\u00fcr Innovationen zu sein, Selbstbewusstsein zu entwickeln, sich mit Problemen auseinanderzusetzen sowie Verantwortung zu \u00fcbernehmen.&#8220; Der Minister dankte allen Beteiligten f\u00fcr ihr Engagement und w\u00fcnschte Schule und Wirtschaft weiterhin eine fruchtbare Zusammenarbeit.<\/p>\n<p>Das Bayerische Staatsministerium f\u00fcr Bildung und Kultus, Wissenschaft und Kunst unterst\u00fctzt das Projekt &#8222;Unternehmergymnasium Bayern&#8220; in Pfarrkirchen mit zus\u00e4tzlichen Personalressourcen.<\/p>\n<p>Quelle: stmbw.bayern.de<\/p>\n<p>&nbsp;<\/p>\n","protected":false},"excerpt":{"rendered":"<p>Pfarrkirchen: Bildungsminister Dr. Ludwig Spaenle beim Festakt &#8222;10 Jahre Unternehmergymnasium Bayern&#8220; in Pfarrkirchen &#8222;Vorzeigeprojekt der \u00f6konomischen Bildung und Beispiel f\u00fcr eine fruchtbare Kooperation von Schule und Wirtschaft&#8220; Bildungsminister Dr. Ludwig Spaenle nahm das zehnj\u00e4hrige Jubil\u00e4um des &#8222;Unternehmergymnasiums Bayern&#8220; zum Anlass, um das bayernweit einmalige Projekt am Gymnasium Pfarrkirchen in Kooperation mit der regionalen Wirtschaft zu [&hellip;]<\/p>\n","protected":false},"author":7,"featured_media":2831,"comment_status":"closed","ping_status":"open","sticky":false,"template":"","format":"standard","meta":{"footnotes":""},"categories":[78,71],"tags":[2126],"class_list":["post-10201","post","type-post","status-publish","format-standard","has-post-thumbnail","hentry","category-bayern","category-menue","tag-pfarrkirchen"],"_links":{"self":[{"href":"https:\/\/www.frankensicht.de\/index.php?rest_route=\/wp\/v2\/posts\/10201","targetHints":{"allow":["GET"]}}],"collection":[{"href":"https:\/\/www.frankensicht.de\/index.php?rest_route=\/wp\/v2\/posts"}],"about":[{"href":"https:\/\/www.frankensicht.de\/index.php?rest_route=\/wp\/v2\/types\/post"}],"author":[{"embeddable":true,"href":"https:\/\/www.frankensicht.de\/index.php?rest_route=\/wp\/v2\/users\/7"}],"replies":[{"embeddable":true,"href":"https:\/\/www.frankensicht.de\/index.php?rest_route=%2Fwp%2Fv2%2Fcomments&post=10201"}],"version-history":[{"count":1,"href":"https:\/\/www.frankensicht.de\/index.php?rest_route=\/wp\/v2\/posts\/10201\/revisions"}],"predecessor-version":[{"id":10202,"href":"https:\/\/www.frankensicht.de\/index.php?rest_route=\/wp\/v2\/posts\/10201\/revisions\/10202"}],"wp:featuredmedia":[{"embeddable":true,"href":"https:\/\/www.frankensicht.de\/index.php?rest_route=\/wp\/v2\/media\/2831"}],"wp:attachment":[{"href":"https:\/\/www.frankensicht.de\/index.php?rest_route=%2Fwp%2Fv2%2Fmedia&parent=10201"}],"wp:term":[{"taxonomy":"category","embeddable":true,"href":"https:\/\/www.frankensicht.de\/index.php?rest_route=%2Fwp%2Fv2%2Fcategories&post=10201"},{"taxonomy":"post_tag","embeddable":true,"href":"https:\/\/www.frankensicht.de\/index.php?rest_route=%2Fwp%2Fv2%2Ftags&post=10201"}],"curies":[{"name":"wp","href":"https:\/\/api.w.org\/{rel}","templated":true}]}}