{"id":10196,"date":"2016-11-24T08:28:23","date_gmt":"2016-11-24T07:28:23","guid":{"rendered":"http:\/\/www.frankensicht.de\/?p=10196"},"modified":"2016-11-24T08:28:23","modified_gmt":"2016-11-24T07:28:23","slug":"exportpreis-bayern-2016-verliehen","status":"publish","type":"post","link":"https:\/\/www.frankensicht.de\/?p=10196","title":{"rendered":"Exportpreis Bayern 2016 verliehen"},"content":{"rendered":"<p><span style=\"color: #ff0000;\">M\u00fcnchen:<\/span><\/p>\n<p>Exportpreis Bayern 2016 verliehen<\/p>\n<p>Aigner: &#8222;Der Exportpreis Bayern hat sich in den 10 Jahren seines Bestehens zu einem Markenzeichen entwickelt&#8220;<\/p>\n<p>M\u00dcNCHEN Bayerns Wirtschaftsministerin Ilse Aigner hat heute den Exportpreis Bayern 2016 an vier mittelst\u00e4ndische Unternehmen in den Kategorien Industrie, Handel, Handwerk und Dienstleistung verliehen. Aigner: &amp;bdquo;Der Exportpreis Bayern hat sich in den 10 Jahren seines Bestehens zu einem Markenzeichen entwickelt &amp;ndash; in Bayern und in der ganzen Welt. Auch in diesem Jahr k\u00f6nnen wir vier Preistr\u00e4ger auszeichnen, die gro\u00dfartige Erfolge auf den Weltm\u00e4rkten erzielt und sich den Herausforderungen im Ausland mit Bravour gestellt haben.&amp;ldquo; Daf\u00fcr brauche es nicht unbedingt gro\u00dfe Teams, sondern vielmehr Mut, Innovationskraft und bayerischen Charme. &amp;bdquo;Mit dem Exportpreis zeichnen wir Unternehmen aus, die sich in besonderer Weise den Ver\u00e4nderungen in unserer globalisierten Welt stellen. Bayerische Unternehmen stehen f\u00fcr Qualit\u00e4t und st\u00e4rken mit ihren Produkten und Dienstleistungen den Ruf Bayerns im Ausland&amp;ldquo;, so Aigner weiter.<\/p>\n<p><a href=\"https:\/\/www.frankensicht.de\/?attachment_id=4845\" rel=\"attachment wp-att-4845\"><img loading=\"lazy\" decoding=\"async\" class=\"alignnone size-medium wp-image-4845\" src=\"https:\/\/www.frankensicht.de\/wp-content\/uploads\/2012\/12\/1euro-300x225.jpg\" alt=\"1euro\" width=\"300\" height=\"225\" srcset=\"https:\/\/www.frankensicht.de\/wp-content\/uploads\/2012\/12\/1euro-300x225.jpg 300w, https:\/\/www.frankensicht.de\/wp-content\/uploads\/2012\/12\/1euro.jpg 640w\" sizes=\"auto, (max-width: 300px) 100vw, 300px\" \/><\/a><\/p>\n<p>Die Preistr\u00e4ger sind in diesem Jahr:<\/p>\n<p>&amp;bull; Industrie: MIPM &amp;ndash; Mammersdorfer Institut f\u00fcr Physik und Medizin GmbH aus Mammendorf, Oberbayern<\/p>\n<p>&amp;bull; Dienstleistung: Cfm Oskar Tropitzsch GmbH aus Marktredwitz, Oberfranken<\/p>\n<p>&amp;bull; Handel: Hermith GmbH aus M\u00fcnchen, Oberbayern<\/p>\n<p>&amp;bull; Handwerk: Eichinger Schreinerei GmbH aus Neuhaus, Niederbayern<\/p>\n<p>Der Exportpreis Bayern feiert in diesem Jahr Jubil\u00e4um und wird bereits zum zehnten Mal vom Bayerischen Staatsministerium f\u00fcr Wirtschaft und Medien, Energie und Technologie gemeinsam mit dem Bayerischen Industrie- und Handelskammertag und der Arbeitsgemeinschaft der bayerischen Handwerkskammern an kleine Unternehmen verliehen. Bewerben konnten sich Unternehmen mit Sitz in Bayern und einer Mitarbeiterzahl von bis zu 50 Vollzeitbesch\u00e4ftigten. Es haben sich in diesem Jahr rund 70 Unternehmen f\u00fcr den Preis beworben.<\/p>\n<p>Die Preistr\u00e4ger wurden von einer hochkar\u00e4tig besetzen Jury ausgew\u00e4hlt.<\/p>\n<p>Mitglieder der Jury waren Peter Driessen (Hauptgesch\u00e4ftsf\u00fchrer Bayerischer Industrie- und Handelskammertag), Christi Degen (Hauptgesch\u00e4ftsf\u00fchrerin der Industrie- und Handelskammer f\u00fcr Oberfranken Bayreuth), Dr. Lothar Semper (Hauptgesch\u00e4ftsf\u00fchrer Arbeitsgemeinschaft der bayerischen Handwerkskammern), Corinna Maier (Leiterin der Wirtschaftsredaktion beim M\u00fcnchner Merkur), Marcus Bornheim (Leiter Wirtschaftsredaktion Fernsehen im Bayerischer Rundfunk), Peter Mannhart (Unternehmer der Kategorie Industrie), Thomas Pirner (Unternehmer der Kategorie Handwerk, Pr\u00e4sident der Handwerks-kammer f\u00fcr Mittelfranken), Bernd Kullmann (Unternehmer Kategorie Handel), Stefan Tavares Bollow (Unternehmer der Kategorie Dienstleistung).<\/p>\n<p>Die Jury bewertete die Bewerbungen in erster Linie nach den besonderen unternehmerischen Leistungen und der Innovationsbereitschaft der Unternehmen bei der Erschlie\u00dfung neuer M\u00e4rkte.<\/p>\n<p>Der Exportpreis wird auch im Jahr 2017 wieder verliehen. Die Bewerbung f\u00fcr den Exportpreis Bayern 2017 ist ab Fr\u00fchjahr 2017 auf der Internetseite www.exportpreis-bayern.de m\u00f6glich.<\/p>\n<p>Von der Preisverleihung 2016 wird zur Weiterverwertung und Ausstrahlung kostenfreies TV-Footage-Material angeboten (Schnittbilder, O-T\u00f6ne von Preistr\u00e4gern und Initiatoren, Filmportr\u00e4ts \u00fcber die Preistr\u00e4ger) sowie ein sendefertiger TV-Beitrag (L\u00e4nge: ca. 2&#8217;00 &#8211; 2&#8217;30, wahlweise vertont oder ohne Sprecherstimme), der auch gerne auf eigenen Online-Seiten verwendet werden kann. Bei Interesse kontaktieren Sie bitte Herrn J\u00f6rg Wittmann (Tel.: 089 \/ 55178 &#8211; 398 oder per E-Mail joerg.wittmann@mbw-team.de.<\/p>\n<p>Quelle:stmwi.bayern.de<\/p>\n<p>&nbsp;<\/p>\n","protected":false},"excerpt":{"rendered":"<p>M\u00fcnchen: Exportpreis Bayern 2016 verliehen Aigner: &#8222;Der Exportpreis Bayern hat sich in den 10 Jahren seines Bestehens zu einem Markenzeichen entwickelt&#8220; M\u00dcNCHEN Bayerns Wirtschaftsministerin Ilse Aigner hat heute den Exportpreis Bayern 2016 an vier mittelst\u00e4ndische Unternehmen in den Kategorien Industrie, Handel, Handwerk und Dienstleistung verliehen. Aigner: &amp;bdquo;Der Exportpreis Bayern hat sich in den 10 Jahren [&hellip;]<\/p>\n","protected":false},"author":7,"featured_media":4845,"comment_status":"closed","ping_status":"open","sticky":false,"template":"","format":"standard","meta":{"footnotes":""},"categories":[78,71],"tags":[2124],"class_list":["post-10196","post","type-post","status-publish","format-standard","has-post-thumbnail","hentry","category-bayern","category-menue","tag-exportpreis-2016"],"_links":{"self":[{"href":"https:\/\/www.frankensicht.de\/index.php?rest_route=\/wp\/v2\/posts\/10196","targetHints":{"allow":["GET"]}}],"collection":[{"href":"https:\/\/www.frankensicht.de\/index.php?rest_route=\/wp\/v2\/posts"}],"about":[{"href":"https:\/\/www.frankensicht.de\/index.php?rest_route=\/wp\/v2\/types\/post"}],"author":[{"embeddable":true,"href":"https:\/\/www.frankensicht.de\/index.php?rest_route=\/wp\/v2\/users\/7"}],"replies":[{"embeddable":true,"href":"https:\/\/www.frankensicht.de\/index.php?rest_route=%2Fwp%2Fv2%2Fcomments&post=10196"}],"version-history":[{"count":2,"href":"https:\/\/www.frankensicht.de\/index.php?rest_route=\/wp\/v2\/posts\/10196\/revisions"}],"predecessor-version":[{"id":10198,"href":"https:\/\/www.frankensicht.de\/index.php?rest_route=\/wp\/v2\/posts\/10196\/revisions\/10198"}],"wp:featuredmedia":[{"embeddable":true,"href":"https:\/\/www.frankensicht.de\/index.php?rest_route=\/wp\/v2\/media\/4845"}],"wp:attachment":[{"href":"https:\/\/www.frankensicht.de\/index.php?rest_route=%2Fwp%2Fv2%2Fmedia&parent=10196"}],"wp:term":[{"taxonomy":"category","embeddable":true,"href":"https:\/\/www.frankensicht.de\/index.php?rest_route=%2Fwp%2Fv2%2Fcategories&post=10196"},{"taxonomy":"post_tag","embeddable":true,"href":"https:\/\/www.frankensicht.de\/index.php?rest_route=%2Fwp%2Fv2%2Ftags&post=10196"}],"curies":[{"name":"wp","href":"https:\/\/api.w.org\/{rel}","templated":true}]}}