{"id":10189,"date":"2016-11-22T08:51:29","date_gmt":"2016-11-22T07:51:29","guid":{"rendered":"http:\/\/www.frankensicht.de\/?p=10189"},"modified":"2016-11-22T08:52:06","modified_gmt":"2016-11-22T07:52:06","slug":"staedtebaufoerderung","status":"publish","type":"post","link":"https:\/\/www.frankensicht.de\/?p=10189","title":{"rendered":"St\u00e4dtebauf\u00f6rderung"},"content":{"rendered":"<p><span style=\"color: #ff0000;\">Berlin:<\/span><\/p>\n<p><span style=\"color: #000000;\">St\u00e4dtebauf\u00f6rderung<\/span><br \/>\nBundesbauministerium st\u00e4rkt mit der St\u00e4dtebauf\u00f6rderung den l\u00e4ndlichen<br \/>\nRaum<br \/>\nPronold: \u201eFast die H\u00e4lfte der Bundesmittel flie\u00dft in kleinere St\u00e4dte<br \/>\nund Ortschaften\u201c<\/p>\n<p>Der Parlamentarische Staatssekret\u00e4r im Bundesbauministerium, Florian<br \/>\nPronold, hat die Abgeordneten des Umwelt- und Bauausschusses des Deutschen<br \/>\nBundestages heute \u00fcber die Verteilung der Bundesfinanzhilfen f\u00fcr die<br \/>\nSt\u00e4dtebauf\u00f6rderung informiert. Danach haben die l\u00e4ndlichen Kommunen<br \/>\nseit dem Start der St\u00e4dtebauf\u00f6rderung 1971 bis heute \u00fcber 7 Milliarden<br \/>\nEuro erhalten. 47 Prozent der gesamten St\u00e4dtebauf\u00f6rderung des Bundes<br \/>\nflossen in l\u00e4ndliche Kreise. Damit profitieren sie gegen\u00fcber dem<br \/>\nst\u00e4dtischen Raum sogar \u00fcberproportional, da auf dem Land weniger<br \/>\nMenschen leben als in den St\u00e4dten und Ballungszentren.<\/p>\n<p>Baustaatssekret\u00e4r Pronold begr\u00fc\u00dft den gro\u00dfen Beitrag der<br \/>\nSt\u00e4dtebauf\u00f6rderung zur St\u00e4rkung l\u00e4ndlicher R\u00e4ume: \u201eVon der<br \/>\nSt\u00e4dtebauf\u00f6rderung profitieren besonders unsere kleineren St\u00e4dte und<br \/>\nOrtschaften. Sie haben fast die H\u00e4lfte der Bundesmittel erhalten. So<br \/>\nk\u00f6nnen sie wichtige Investitionen t\u00e4tigen, damit sie als lebenswerte<br \/>\nOrte f\u00fcr Wohnen, Kultur und Arbeit erhalten und erneuert werden, die<br \/>\nInnenst\u00e4dte und Ortskerne k\u00f6nnen so gest\u00e4rkt und die Daseinsvorsorge<br \/>\ngesichert werden.\u201c<\/p>\n<p>Eine wichtige Rolle f\u00fcr Kommunen im l\u00e4ndlichen Raum spielen die<br \/>\nSt\u00e4dtebauf\u00f6rderungsprogramme \u201eKleinere St\u00e4dte und Gemeinden &#8211; \u00fcber<br \/>\n\u00f6rtliche Zusammenarbeit und Netzwerke\u201c sowie der \u201eStadtumbau Ost\u201c.<br \/>\nAber auch rund ein Drittel der Ma\u00dfnahmen des Programms \u201eSoziale<br \/>\nStadt\u201c werden in l\u00e4ndlichen Kommunen umgesetzt.<\/p>\n<p><a href=\"https:\/\/www.frankensicht.de\/?attachment_id=10190\" rel=\"attachment wp-att-10190\"><img loading=\"lazy\" decoding=\"async\" class=\"alignnone size-medium wp-image-10190\" src=\"https:\/\/www.frankensicht.de\/wp-content\/uploads\/2016\/11\/007-300x225.jpg\" alt=\"007\" width=\"300\" height=\"225\" srcset=\"https:\/\/www.frankensicht.de\/wp-content\/uploads\/2016\/11\/007-300x225.jpg 300w, https:\/\/www.frankensicht.de\/wp-content\/uploads\/2016\/11\/007-768x576.jpg 768w, https:\/\/www.frankensicht.de\/wp-content\/uploads\/2016\/11\/007-1024x768.jpg 1024w\" sizes=\"auto, (max-width: 300px) 100vw, 300px\" \/><\/a><\/p>\n<p>Die St\u00e4dtebauf\u00f6rderung ist ein zentraler Baustein der<br \/>\nStadtentwicklungspolitik des Bundes. Als Gemeinschaftsleistung von Bund,<br \/>\nL\u00e4ndern und Kommunen ist sie ein wichtiges Instrument bei der<br \/>\nBew\u00e4ltigung des wirtschaftlichen, sozialen, demografischen und<br \/>\n\u00f6kologischen Wandels in den St\u00e4dten und Gemeinden.<\/p>\n<p>Die Bundesregierung hatte gleich zu Beginn der Legislaturperiode die<br \/>\nSt\u00e4dtebauf\u00f6rderung von 455 auf 700 Millionen Euro erh\u00f6ht. Ab 2017 soll<br \/>\ndie St\u00e4dtebauf\u00f6rderung erneut auf j\u00e4hrlich 790 Millionen Euro<br \/>\naufgestockt werden.<br \/>\nWeiterf\u00fchrende Informationen unter www.staedtebaufoerderung.info<br \/>\nhttps:\/\/www.facebook.com\/bmub.bund<\/p>\n<p>https:\/\/www.instagram.com\/bmub\/<\/p>\n<p><a class=\"twitter-timeline\" data-width=\"640\" data-height=\"960\" data-dnt=\"true\" href=\"https:\/\/twitter.com\/bmub?ref_src=twsrc%5Etfw\">Tweets by bmub<\/a><script async src=\"https:\/\/platform.twitter.com\/widgets.js\" charset=\"utf-8\"><\/script><\/p>\n<p>Quelle: bmub.bund.de<\/p>\n","protected":false},"excerpt":{"rendered":"<p>Berlin: St\u00e4dtebauf\u00f6rderung Bundesbauministerium st\u00e4rkt mit der St\u00e4dtebauf\u00f6rderung den l\u00e4ndlichen Raum Pronold: \u201eFast die H\u00e4lfte der Bundesmittel flie\u00dft in kleinere St\u00e4dte und Ortschaften\u201c Der Parlamentarische Staatssekret\u00e4r im Bundesbauministerium, Florian Pronold, hat die Abgeordneten des Umwelt- und Bauausschusses des Deutschen Bundestages heute \u00fcber die Verteilung der Bundesfinanzhilfen f\u00fcr die St\u00e4dtebauf\u00f6rderung informiert. Danach haben die l\u00e4ndlichen Kommunen seit [&hellip;]<\/p>\n","protected":false},"author":7,"featured_media":10190,"comment_status":"closed","ping_status":"open","sticky":false,"template":"","format":"standard","meta":{"footnotes":""},"categories":[44,3],"tags":[1979],"class_list":["post-10189","post","type-post","status-publish","format-standard","has-post-thumbnail","hentry","category-deutschland-2","category-news","tag-staedtebaufoerderung"],"_links":{"self":[{"href":"https:\/\/www.frankensicht.de\/index.php?rest_route=\/wp\/v2\/posts\/10189","targetHints":{"allow":["GET"]}}],"collection":[{"href":"https:\/\/www.frankensicht.de\/index.php?rest_route=\/wp\/v2\/posts"}],"about":[{"href":"https:\/\/www.frankensicht.de\/index.php?rest_route=\/wp\/v2\/types\/post"}],"author":[{"embeddable":true,"href":"https:\/\/www.frankensicht.de\/index.php?rest_route=\/wp\/v2\/users\/7"}],"replies":[{"embeddable":true,"href":"https:\/\/www.frankensicht.de\/index.php?rest_route=%2Fwp%2Fv2%2Fcomments&post=10189"}],"version-history":[{"count":2,"href":"https:\/\/www.frankensicht.de\/index.php?rest_route=\/wp\/v2\/posts\/10189\/revisions"}],"predecessor-version":[{"id":10192,"href":"https:\/\/www.frankensicht.de\/index.php?rest_route=\/wp\/v2\/posts\/10189\/revisions\/10192"}],"wp:featuredmedia":[{"embeddable":true,"href":"https:\/\/www.frankensicht.de\/index.php?rest_route=\/wp\/v2\/media\/10190"}],"wp:attachment":[{"href":"https:\/\/www.frankensicht.de\/index.php?rest_route=%2Fwp%2Fv2%2Fmedia&parent=10189"}],"wp:term":[{"taxonomy":"category","embeddable":true,"href":"https:\/\/www.frankensicht.de\/index.php?rest_route=%2Fwp%2Fv2%2Fcategories&post=10189"},{"taxonomy":"post_tag","embeddable":true,"href":"https:\/\/www.frankensicht.de\/index.php?rest_route=%2Fwp%2Fv2%2Ftags&post=10189"}],"curies":[{"name":"wp","href":"https:\/\/api.w.org\/{rel}","templated":true}]}}