{"id":10137,"date":"2016-11-04T08:49:46","date_gmt":"2016-11-04T07:49:46","guid":{"rendered":"http:\/\/www.frankensicht.de\/?p=10137"},"modified":"2016-11-04T08:49:46","modified_gmt":"2016-11-04T07:49:46","slug":"der-weltweite-klimaschutz-bekommt-ein-grundgesetz-pariser-klimaschutzabkommen-tritt-am-4-november-in-kraft","status":"publish","type":"post","link":"https:\/\/www.frankensicht.de\/?p=10137","title":{"rendered":"Der weltweite Klimaschutz bekommt ein Grundgesetz Pariser Klimaschutzabkommen tritt am 4. November in Kraft"},"content":{"rendered":"<p><span style=\"color: #ff0000;\">Berlin:<\/span><\/p>\n<p>Klimaschutz\/Internationales<br \/>\nHendricks: Der weltweite Klimaschutz bekommt ein Grundgesetz<br \/>\nPariser Klimaschutzabkommen tritt am 4. November in Kraft<\/p>\n<p>Das im Dezember 2015 in Paris beschlossene Klimaschutzabkommen tritt am 4.<br \/>\nNovember 2016 offiziell in Kraft \u2013 vier Jahre fr\u00fcher als urspr\u00fcnglich<br \/>\nerwartet. Dazu erkl\u00e4rt Bundesumweltministerin Barbara Hendricks:<\/p>\n<p>\u201eDas ist eine Zeitenwende f\u00fcr uns Klimasch\u00fctzer. Der weltweite<br \/>\nKlimaschutz bekommt ein Grundgesetz. Auf dieser Grundlage macht sich die<br \/>\nganze Welt auf den Weg hin zu einer klimavertr\u00e4glichen Wirtschaftsweise.<br \/>\nNoch nie ist ein globaler v\u00f6lkerrechtlicher Vertrag von derart gro\u00dfer<br \/>\nBedeutung so schnell in Kraft getreten. Und noch nie standen die Zeichen<br \/>\nbesser f\u00fcr den Schutz unseres Weltklimas. Jetzt gilt es, den Worten auch<br \/>\nTaten folgen zu lassen.<\/p>\n<p><a href=\"https:\/\/www.frankensicht.de\/?attachment_id=10003\" rel=\"attachment wp-att-10003\"><img loading=\"lazy\" decoding=\"async\" class=\"alignnone size-medium wp-image-10003\" src=\"https:\/\/www.frankensicht.de\/wp-content\/uploads\/2016\/09\/baeume-300x225.jpg\" alt=\"baeume\" width=\"300\" height=\"225\" srcset=\"https:\/\/www.frankensicht.de\/wp-content\/uploads\/2016\/09\/baeume-300x225.jpg 300w, https:\/\/www.frankensicht.de\/wp-content\/uploads\/2016\/09\/baeume-768x576.jpg 768w, https:\/\/www.frankensicht.de\/wp-content\/uploads\/2016\/09\/baeume-1024x768.jpg 1024w, https:\/\/www.frankensicht.de\/wp-content\/uploads\/2016\/09\/baeume.jpg 1600w\" sizes=\"auto, (max-width: 300px) 100vw, 300px\" \/><\/a><\/p>\n<p>Das Pariser Klimaschutzabkommen gibt der Weltgemeinschaft eine langfristige<br \/>\nOrientierung und ein gemeinsames, verbindliches Ziel. Und es legt<br \/>\nPrinzipien f\u00fcr die Umsetzung fest: nationale Klimaschutzpl\u00e4ne, die<br \/>\nregelm\u00e4\u00dfig aktualisiert und angepasst werden, um aus Erfahrungen zu<br \/>\nlernen und technologische Entwicklungen aufzunehmen. Genau diesen<br \/>\ninternationalen Prinzipien folgt der Klimaschutzplan 2050, den die<br \/>\nBundesregierung in K\u00fcrze verabschieden will.<\/p>\n<p>Das fr\u00fche Inkrafttreten gibt uns auch R\u00fcckenwind f\u00fcr die n\u00e4chste<br \/>\nKlimakonferenz in Marrakesch, die schon am kommenden Montag beginnt.<br \/>\nDeutschland wird sich bei der COP 22 in Marrakesch f\u00fcr eine z\u00fcgige und<br \/>\nambitionierte Umsetzung des Pariser Abkommens stark machen.\u201c<\/p>\n<p>Hintergrund<br \/>\nDas Paris-Abkommen wurde bislang (Stand 3. November) von 94 Staaten<br \/>\nratifiziert, auf die ein Anteil von 66% der weltweiten<br \/>\nTreibhausgasemissionen entf\u00e4llt. F\u00fcr das Inkrafttreten mussten<br \/>\nmindestens 55 Staaten ratifiziert haben, die einen Emissionsanteil von<br \/>\nmindestens 55% auf sich vereinigen. Am 5. Oktober hat Deutschland<br \/>\ngemeinsam mit der EU das Pariser Abkommen \u00fcber die Schwelle f\u00fcr das<br \/>\nInkrafttreten gehoben. W\u00e4hrend der COP 22 in Marrakesch wird am 15.<br \/>\nNovember die erste Vertragsstaatenkonferenz unter dem Pariser Abkommen in<br \/>\nMarrakesch er\u00f6ffnet.<\/p>\n<p>Quelle:bmub.bund.de<\/p>\n","protected":false},"excerpt":{"rendered":"<p>Berlin: Klimaschutz\/Internationales Hendricks: Der weltweite Klimaschutz bekommt ein Grundgesetz Pariser Klimaschutzabkommen tritt am 4. November in Kraft Das im Dezember 2015 in Paris beschlossene Klimaschutzabkommen tritt am 4. November 2016 offiziell in Kraft \u2013 vier Jahre fr\u00fcher als urspr\u00fcnglich erwartet. Dazu erkl\u00e4rt Bundesumweltministerin Barbara Hendricks: \u201eDas ist eine Zeitenwende f\u00fcr uns Klimasch\u00fctzer. Der weltweite Klimaschutz [&hellip;]<\/p>\n","protected":false},"author":7,"featured_media":10003,"comment_status":"closed","ping_status":"open","sticky":false,"template":"","format":"standard","meta":{"footnotes":""},"categories":[44,3],"tags":[2071],"class_list":["post-10137","post","type-post","status-publish","format-standard","has-post-thumbnail","hentry","category-deutschland-2","category-news","tag-klimaschutzabkommen"],"_links":{"self":[{"href":"https:\/\/www.frankensicht.de\/index.php?rest_route=\/wp\/v2\/posts\/10137","targetHints":{"allow":["GET"]}}],"collection":[{"href":"https:\/\/www.frankensicht.de\/index.php?rest_route=\/wp\/v2\/posts"}],"about":[{"href":"https:\/\/www.frankensicht.de\/index.php?rest_route=\/wp\/v2\/types\/post"}],"author":[{"embeddable":true,"href":"https:\/\/www.frankensicht.de\/index.php?rest_route=\/wp\/v2\/users\/7"}],"replies":[{"embeddable":true,"href":"https:\/\/www.frankensicht.de\/index.php?rest_route=%2Fwp%2Fv2%2Fcomments&post=10137"}],"version-history":[{"count":3,"href":"https:\/\/www.frankensicht.de\/index.php?rest_route=\/wp\/v2\/posts\/10137\/revisions"}],"predecessor-version":[{"id":10140,"href":"https:\/\/www.frankensicht.de\/index.php?rest_route=\/wp\/v2\/posts\/10137\/revisions\/10140"}],"wp:featuredmedia":[{"embeddable":true,"href":"https:\/\/www.frankensicht.de\/index.php?rest_route=\/wp\/v2\/media\/10003"}],"wp:attachment":[{"href":"https:\/\/www.frankensicht.de\/index.php?rest_route=%2Fwp%2Fv2%2Fmedia&parent=10137"}],"wp:term":[{"taxonomy":"category","embeddable":true,"href":"https:\/\/www.frankensicht.de\/index.php?rest_route=%2Fwp%2Fv2%2Fcategories&post=10137"},{"taxonomy":"post_tag","embeddable":true,"href":"https:\/\/www.frankensicht.de\/index.php?rest_route=%2Fwp%2Fv2%2Ftags&post=10137"}],"curies":[{"name":"wp","href":"https:\/\/api.w.org\/{rel}","templated":true}]}}