{"id":10122,"date":"2016-10-29T08:38:19","date_gmt":"2016-10-29T06:38:19","guid":{"rendered":"http:\/\/www.frankensicht.de\/?p=10122"},"modified":"2016-10-29T08:38:19","modified_gmt":"2016-10-29T06:38:19","slug":"bayerns-schuelerinnen-und-schueler-im-bildungstrend-2015-der-deutschen-laender-auf-einem-top-platz-in-allen-disziplinen","status":"publish","type":"post","link":"https:\/\/www.frankensicht.de\/?p=10122","title":{"rendered":"Bayerns Sch\u00fclerinnen und Sch\u00fcler im Bildungstrend 2015 der deutschen L\u00e4nder auf einem Top-Platz in allen Disziplinen"},"content":{"rendered":"<p><span style=\"color: #ff0000;\">M\u00fcnchen:<\/span><\/p>\n<p>Bayerns Kultusminister Spaenle zum IQB-Bildungstrend: &#8222;Bayerns Sch\u00fcler haben Spitzenposition gehalten &#8211; Ergebnisse belegen hervorragende Bildungschancen \u00fcber eine lange Zeit&#8220;<br \/>\nBayerns Sch\u00fclerinnen und Sch\u00fcler im Bildungstrend 2015 der deutschen L\u00e4nder auf einem Top-Platz in allen Disziplinen<\/p>\n<p>Bayerns Sch\u00fclerinnen und Sch\u00fcler haben im IQB-Bildungstrend 2015 der deutschen L\u00e4nder erneut einen Top-Platz in allen Disziplinen erreicht. Im Mittelpunkt der Erhebung standen die Kompetenzen der Sch\u00fclerschaft der Jahrgangsstufe 9 in Deutsch und Englisch. An den Erhebungen im Fr\u00fchjahr 2015 haben \u00fcber 2.000 Sch\u00fclerinnen und Sch\u00fcler aus rund 90 bayerischen Schulen teilgenommen. Auf Bundesebene waren Sch\u00fclerinnen und Sch\u00fcler von \u00fcber 1.500 Schulen getestet worden.<\/p>\n<p><a href=\"https:\/\/www.frankensicht.de\/?attachment_id=2265\" rel=\"attachment wp-att-2265\"><img loading=\"lazy\" decoding=\"async\" class=\"alignnone size-medium wp-image-2265\" src=\"https:\/\/www.frankensicht.de\/wp-content\/uploads\/2012\/06\/ganztagsschule-300x187.jpg\" alt=\"ganztagsschule\" width=\"300\" height=\"187\" srcset=\"https:\/\/www.frankensicht.de\/wp-content\/uploads\/2012\/06\/ganztagsschule-300x187.jpg 300w, https:\/\/www.frankensicht.de\/wp-content\/uploads\/2012\/06\/ganztagsschule.jpg 640w\" sizes=\"auto, (max-width: 300px) 100vw, 300px\" \/><\/a><\/p>\n<p>Der bayerische Bildungs- und Wissenschaftsminister Dr. Ludwig Spaenle begr\u00fc\u00dfte das sehr gute Abschneiden der Sch\u00fclerinnen und Sch\u00fcler aus dem Freistaat Bayern: &#8222;Die bayerischen Sch\u00fclerinnen und Sch\u00fcler haben hervorragende Bildungschancen, das belegen die Ergebnisse des IQB in den Erhebungen von 2009 und 2015. Die Bildungsgerechtigkeit wird in Bayern gut verwirklicht. Der IQB-Bildungstrend 2015 konstatiert mit den sehr hohen Leistungen der Sch\u00fclerinnen und Sch\u00fcler auch den Lehrkr\u00e4ften eine hohe Unterrichtsqualit\u00e4t &#8211; und das \u00fcber einen langen Zeitraum.&#8220; Z. B. schreibt das IQB f\u00fcr das Fach Deutsch: &#8222;Bayern konnte im Fach Deutsch das Ergebnismuster &amp;hellip;, das bereits im Jahr 2009 sehr g\u00fcnstig ausfiel, bis ins Jahr 2015 halten&#8220;.<\/p>\n<p>Dem bayerischen Bildungsminister ist es sehr wichtig, dass Sch\u00fclerinnen und Sch\u00fcler aller Schularten, von der Mittelschule bis zum Gymnasium, sehr gute Ergebnisse erzielt haben, auch die Sch\u00fclerinnen und Sch\u00fcler der F\u00f6rderschulen, die bei der Erhebung 2015 erstmals einbezogen waren. Der Minister dankte den Lehrerinnen und Lehrern f\u00fcr ihren hohen Einsatz in Schule und Unterricht, aber auch den Eltern, die ihre Kinder aktiv begleiten.<\/p>\n<p>Kultusminister Spaenle sieht auch weiterhin den Arbeitsauftrag, die Teilhabegerechtigkeit junger Menschen aus allen Schichten weiter zu entwickeln. Er erg\u00e4nzte: &#8222;Ich freue mich, dass die Erhebung des IQB 2015 deutlich macht, dass die Schule als ein wichtiger Ort f\u00fcr eine gelingende Integration fungiert. Unabh\u00e4ngig von ihrer Herkunft finden die jungen Menschen n\u00e4mlich an ihrer Schule eine Weggemeinschaft.&#8220;<\/p>\n<p>&#8222;Die nun vorgelegte zweite Erhebung des IQB zu den Kompetenzen in Deutsch und Englisch macht sichtbar: Die Leistung unserer Sch\u00fclerinnen und Sch\u00fcler im differenzierten und durchl\u00e4ssigen bayerischen Bildungswesen verdient gro\u00dfen Respekt. Die guten und sehr guten Ergebnisse in der Lese- und H\u00f6rkompetenz sowie der Orthographie sind f\u00fcr uns Ansporn weiterzuarbeiten. Wir wollen die Sch\u00fclerinnen und Sch\u00fcler, auch die mit schwierigeren Startbedingungen, so gut es nur m\u00f6glich ist, weiter auf ihrem Weg zu dem angestrebten Bildungsziel nach Kr\u00e4ften unterst\u00fctzen.&#8220;, schloss der Minister.<\/p>\n<p>Quelle: stmbw.bayern.de<\/p>\n","protected":false},"excerpt":{"rendered":"<p>M\u00fcnchen: Bayerns Kultusminister Spaenle zum IQB-Bildungstrend: &#8222;Bayerns Sch\u00fcler haben Spitzenposition gehalten &#8211; Ergebnisse belegen hervorragende Bildungschancen \u00fcber eine lange Zeit&#8220; Bayerns Sch\u00fclerinnen und Sch\u00fcler im Bildungstrend 2015 der deutschen L\u00e4nder auf einem Top-Platz in allen Disziplinen Bayerns Sch\u00fclerinnen und Sch\u00fcler haben im IQB-Bildungstrend 2015 der deutschen L\u00e4nder erneut einen Top-Platz in allen Disziplinen erreicht. Im [&hellip;]<\/p>\n","protected":false},"author":7,"featured_media":2265,"comment_status":"closed","ping_status":"open","sticky":false,"template":"","format":"standard","meta":{"footnotes":""},"categories":[78,71],"tags":[2102],"class_list":["post-10122","post","type-post","status-publish","format-standard","has-post-thumbnail","hentry","category-bayern","category-menue","tag-bildungstrend-2015"],"_links":{"self":[{"href":"https:\/\/www.frankensicht.de\/index.php?rest_route=\/wp\/v2\/posts\/10122","targetHints":{"allow":["GET"]}}],"collection":[{"href":"https:\/\/www.frankensicht.de\/index.php?rest_route=\/wp\/v2\/posts"}],"about":[{"href":"https:\/\/www.frankensicht.de\/index.php?rest_route=\/wp\/v2\/types\/post"}],"author":[{"embeddable":true,"href":"https:\/\/www.frankensicht.de\/index.php?rest_route=\/wp\/v2\/users\/7"}],"replies":[{"embeddable":true,"href":"https:\/\/www.frankensicht.de\/index.php?rest_route=%2Fwp%2Fv2%2Fcomments&post=10122"}],"version-history":[{"count":2,"href":"https:\/\/www.frankensicht.de\/index.php?rest_route=\/wp\/v2\/posts\/10122\/revisions"}],"predecessor-version":[{"id":10124,"href":"https:\/\/www.frankensicht.de\/index.php?rest_route=\/wp\/v2\/posts\/10122\/revisions\/10124"}],"wp:featuredmedia":[{"embeddable":true,"href":"https:\/\/www.frankensicht.de\/index.php?rest_route=\/wp\/v2\/media\/2265"}],"wp:attachment":[{"href":"https:\/\/www.frankensicht.de\/index.php?rest_route=%2Fwp%2Fv2%2Fmedia&parent=10122"}],"wp:term":[{"taxonomy":"category","embeddable":true,"href":"https:\/\/www.frankensicht.de\/index.php?rest_route=%2Fwp%2Fv2%2Fcategories&post=10122"},{"taxonomy":"post_tag","embeddable":true,"href":"https:\/\/www.frankensicht.de\/index.php?rest_route=%2Fwp%2Fv2%2Ftags&post=10122"}],"curies":[{"name":"wp","href":"https:\/\/api.w.org\/{rel}","templated":true}]}}