{"id":10119,"date":"2016-10-28T08:40:07","date_gmt":"2016-10-28T06:40:07","guid":{"rendered":"http:\/\/www.frankensicht.de\/?p=10119"},"modified":"2016-10-28T08:40:07","modified_gmt":"2016-10-28T06:40:07","slug":"bayerischer-printmedienpreis-2016","status":"publish","type":"post","link":"https:\/\/www.frankensicht.de\/?p=10119","title":{"rendered":"Bayerischer Printmedienpreis 2016"},"content":{"rendered":"<p><span style=\"color: #ff0000;\">M\u00fcnchen:<\/span><\/p>\n<p>Bayerischer Printmedienpreis 2016<\/p>\n<p>Aigner: &#8222;Beim Printmedienpreis k\u00f6nnen die Unternehmen ihre Leistungskraft pr\u00e4sentieren&#8220;<\/p>\n<p>Der Bayerische Printmedienpreis 2016 wurde heute auf Schloss Nymphenburg verliehen. Mit dem Preis werden herausragende verlegerische, gestalterische und technische Leistungen im Bereich Zeitung, Zeitschrift und Druck ausgezeichnet. Bayerns Medienministerin Ilse Aigner: Hier k\u00f6nnen die Unternehmen ihre Leistungskraft pr\u00e4sentieren. Mit Kreativit\u00e4t und Innovationsfreude setzt die Branche neue Impulse. Die Digitalisierung bleibt dabei ein Wachstumsmotor, auch f\u00fcr die klassische Printbranche.<\/p>\n<p>Der Bayerische Printmedienpreis, symbolisiert durch eine Porzellanfigur der Siegesg\u00f6ttin Nike, wurde wieder in den drei Kategorien Innovationspreis, Unternehmerpreis und Technikpreis vergeben:<\/p>\n<p><a href=\"https:\/\/www.frankensicht.de\/?attachment_id=3409\" rel=\"attachment wp-att-3409\"><img loading=\"lazy\" decoding=\"async\" class=\"alignnone size-medium wp-image-3409\" src=\"https:\/\/www.frankensicht.de\/wp-content\/uploads\/2012\/07\/buch2-300x225.jpg\" alt=\"buch2\" width=\"300\" height=\"225\" srcset=\"https:\/\/www.frankensicht.de\/wp-content\/uploads\/2012\/07\/buch2-300x225.jpg 300w, https:\/\/www.frankensicht.de\/wp-content\/uploads\/2012\/07\/buch2.jpg 640w\" sizes=\"auto, (max-width: 300px) 100vw, 300px\" \/><\/a><\/p>\n<p>Dr. Katarzyna Mol-Wolf, Verlegerin, Unternehmerin und Chefredakteurin der Zeitschrift emotion, \u00fcberreichte den mit 10.000 Euro dotierten Innovationspreis an Peter Turi aus Walldorf f\u00fcr sein Projekt ;Turi2 \u00a0Edition Werbung. F\u00fcr die Jury ist Turi2 eine Liebeserkl\u00e4rung an die eigene Branche. Dies aber nicht nostalgisch, tr\u00e4umerisch, sondern vielmehr mit hohem unternehmerischen und wirtschaftlichen Anspruch.<\/p>\n<p>Den Technikpreis gewann die K\u00f6sel GmbH &amp; Co KG aus Altusried. Die Laudation hielt Christiane Wolff von der Serviceplan Gruppe. Pr\u00e4miert wurde das Programmheft &amp;sbquo;Landschaft mit Flattersatz&amp;lsquo; f\u00fcr die gleichnamige Vortragsreihe der Typographische Gesellschaft M\u00fcnchen (tgm). Die Jury befand, dass Heft sei ein herausragendes Beispiel daf\u00fcr, wie K\u00f6sel manuelle Herstellungsverfahren maschinell umsetze und dabei h\u00f6chste Qualit\u00e4t erziele. Die Patentierung des K\u00f6sel Lamellos als Herstellungsverfahren sei konsequent und stelle den unternehmerischen Anspruch unter Beweis.<\/p>\n<p>Regine Sixt, SIXT SE, vergab als Laudatorin den Unternehmerpreis. Der Preis ging an die Pinsker Druck und Medien GmbH f\u00fcr ihr Kundenmagazin SCHWARZE KUNST. Mit SCHWARZE KUNST investiere Pinsker Druck auf sehr hohem Niveau in die Kundenkommunikation, was f\u00fcr ein mittelst\u00e4ndisches Unternehmen ungew\u00f6hnlich sei, aber von beispielhaftem unternehmerischen Handeln zeuge. Durch das Serienkonzept etabliere Pinsker zugleich eine nachhaltige Selbstverpflichtung gegen\u00fcber Partnern und Kunden, so die Jurys in ihrer Begr\u00fcndung.<\/p>\n<p>Medienministerin und stellvertretender Ministerpr\u00e4sidentin Aigner vergab den Ehrenpreis des Bayerischen Ministerpr\u00e4sidenten an den Verleger Dr. Hermann Balle. Wir w\u00fcrdigen das Lebenswerk eines Mannes, der sich Zeit seines Lebens um die Printmedien und Medienvielfalt besonders verdient gemacht hat und dessen unverr\u00fcckbares Leitmotiv immer die Freiheit und Unabh\u00e4ngigkeit der Presse war. Dr. Hermann Balle steht f\u00fcr Qualit\u00e4t und Seriosit\u00e4t. Er gibt der Heimat eine Stimme, so Aigner.<\/p>\n<p>In Kooperation mit den Branchenverb\u00e4nden Verband Bayerischer Zeitungsverleger e.V. (VBZV), Verband Druck und Medien Bayern e.V. (vdmb) und Verband der Zeitschriftenverlage in Bayern e.V. (VZB) hat die Bayerische Staatsregierung den Bayerischen Printmedienpreis in diesem Jahr bereits zum zw\u00f6lften Mal seit seinem Bestehen vergeben. Seit 2008 wird der Preis im Zweijahresturnus und bundesweit vergeben. Weitere Informationen unter www.stmwi.bayern.de\/service\/wettbewerbe\/bayerischer-printmedienpreis.<\/p>\n<p>Quelle:stmwi.bayern.de<\/p>\n","protected":false},"excerpt":{"rendered":"<p>M\u00fcnchen: Bayerischer Printmedienpreis 2016 Aigner: &#8222;Beim Printmedienpreis k\u00f6nnen die Unternehmen ihre Leistungskraft pr\u00e4sentieren&#8220; Der Bayerische Printmedienpreis 2016 wurde heute auf Schloss Nymphenburg verliehen. Mit dem Preis werden herausragende verlegerische, gestalterische und technische Leistungen im Bereich Zeitung, Zeitschrift und Druck ausgezeichnet. Bayerns Medienministerin Ilse Aigner: Hier k\u00f6nnen die Unternehmen ihre Leistungskraft pr\u00e4sentieren. Mit Kreativit\u00e4t und Innovationsfreude [&hellip;]<\/p>\n","protected":false},"author":7,"featured_media":3409,"comment_status":"closed","ping_status":"open","sticky":false,"template":"","format":"standard","meta":{"footnotes":""},"categories":[78,71],"tags":[2101],"class_list":["post-10119","post","type-post","status-publish","format-standard","has-post-thumbnail","hentry","category-bayern","category-menue","tag-bayrisher-printmedienpreis"],"_links":{"self":[{"href":"https:\/\/www.frankensicht.de\/index.php?rest_route=\/wp\/v2\/posts\/10119","targetHints":{"allow":["GET"]}}],"collection":[{"href":"https:\/\/www.frankensicht.de\/index.php?rest_route=\/wp\/v2\/posts"}],"about":[{"href":"https:\/\/www.frankensicht.de\/index.php?rest_route=\/wp\/v2\/types\/post"}],"author":[{"embeddable":true,"href":"https:\/\/www.frankensicht.de\/index.php?rest_route=\/wp\/v2\/users\/7"}],"replies":[{"embeddable":true,"href":"https:\/\/www.frankensicht.de\/index.php?rest_route=%2Fwp%2Fv2%2Fcomments&post=10119"}],"version-history":[{"count":2,"href":"https:\/\/www.frankensicht.de\/index.php?rest_route=\/wp\/v2\/posts\/10119\/revisions"}],"predecessor-version":[{"id":10121,"href":"https:\/\/www.frankensicht.de\/index.php?rest_route=\/wp\/v2\/posts\/10119\/revisions\/10121"}],"wp:featuredmedia":[{"embeddable":true,"href":"https:\/\/www.frankensicht.de\/index.php?rest_route=\/wp\/v2\/media\/3409"}],"wp:attachment":[{"href":"https:\/\/www.frankensicht.de\/index.php?rest_route=%2Fwp%2Fv2%2Fmedia&parent=10119"}],"wp:term":[{"taxonomy":"category","embeddable":true,"href":"https:\/\/www.frankensicht.de\/index.php?rest_route=%2Fwp%2Fv2%2Fcategories&post=10119"},{"taxonomy":"post_tag","embeddable":true,"href":"https:\/\/www.frankensicht.de\/index.php?rest_route=%2Fwp%2Fv2%2Ftags&post=10119"}],"curies":[{"name":"wp","href":"https:\/\/api.w.org\/{rel}","templated":true}]}}