{"id":10112,"date":"2016-10-31T08:19:06","date_gmt":"2016-10-31T07:19:06","guid":{"rendered":"http:\/\/www.frankensicht.de\/?p=10112"},"modified":"2016-10-31T08:19:06","modified_gmt":"2016-10-31T07:19:06","slug":"begabungen-foerdern-heisst-bildungsgerechtigkeit-sicherstellen","status":"publish","type":"post","link":"https:\/\/www.frankensicht.de\/?p=10112","title":{"rendered":"Begabungen f\u00f6rdern hei\u00dft Bildungsgerechtigkeit sicherstellen"},"content":{"rendered":"<p><span style=\"color: #ff0000;\">Deggendorf:<\/span><\/p>\n<p>&#8222;Begabungen f\u00f6rdern hei\u00dft Bildungsgerechtigkeit sicherstellen&#8220; &#8211; Staatssekret\u00e4r Bernd Sibler bei Auftaktveranstaltung des Comenius-Gymnasiums als Kompetenzzentrum f\u00fcr Begabtenf\u00f6rderung<br \/>\n&#8222;Das Comenius-Gymnasium bringt mit den erfolgreichen F\u00f6rderklassen f\u00fcr Hochbegabte einen langj\u00e4hrigen Erfahrungsschatz mit, von dem auch andere Schulen profitieren k\u00f6nnen&#8220;, betonte Staatssekret\u00e4r Bernd Sibler heute bei der Auftaktveranstaltung am Comenius-Gymnasium, an dem eines der acht bayerischen Kompetenzzentren f\u00fcr Begabtenf\u00f6rderung entsteht.<\/p>\n<p><a href=\"https:\/\/www.frankensicht.de\/?attachment_id=8913\" rel=\"attachment wp-att-8913\"><img loading=\"lazy\" decoding=\"async\" class=\"alignnone size-medium wp-image-8913\" src=\"https:\/\/www.frankensicht.de\/wp-content\/uploads\/2015\/08\/angeln-300x225.jpg\" alt=\"angeln\" width=\"300\" height=\"225\" srcset=\"https:\/\/www.frankensicht.de\/wp-content\/uploads\/2015\/08\/angeln-300x225.jpg 300w, https:\/\/www.frankensicht.de\/wp-content\/uploads\/2015\/08\/angeln.jpg 640w\" sizes=\"auto, (max-width: 300px) 100vw, 300px\" \/><\/a><\/p>\n<p>Die Entwicklung der Kompetenzzentren zielt darauf ab, die Begabtenf\u00f6rderung fest im t\u00e4glichen Unterricht zu verankern. Dabei nehmen die Zentren wie das Comenius-Gymnasium in Deggendorf verschiedene Methoden und Aspekte der Begabtenf\u00f6rderung in den Blick, bieten F\u00f6rderangebote und st\u00e4rken Bildungspartnerschaften in der Region. Staatssekret\u00e4r Sibler erkl\u00e4rte: &#8222;Begabungen f\u00f6rdern hei\u00dft immer Bildungsgerechtigkeit sicherstellen &#8211; f\u00fcr leistungsstarke Sch\u00fcler ebenso wie f\u00fcr Sch\u00fcler, deren Potenziale es noch zu entwickeln gilt.&#8220;<\/p>\n<p>In Niederbayern seien in den vergangenen Jahren vielf\u00e4ltige Impulse gesetzt worden, um begabte Sch\u00fclerinnen und Sch\u00fcler zu f\u00f6rdern, wie Staatssekret\u00e4r Sibler weiter ausf\u00fchrte. Als Beispiele nannte er Pluskurse, Sch\u00fclerakademien und Ferienseminare. Weiterhin bieten das Mentorensystem an den niederbayerischen Gymnasien sowie der &#8222;Unitag&#8220; an der Universit\u00e4t Passau Sch\u00fclerinnen und Sch\u00fclern die M\u00f6glichkeit, ihre unterschiedlichen Interessen und Talente zu entdecken und zu entfalten.<\/p>\n<p>&#8222;Bildung ist eine Investition in die Zukunftsf\u00e4higkeit unseres Landes. Mit der Weiterentwicklung der Begabtenf\u00f6rderung leistet das Comenius-Gymnasium in Zusammenarbeit mit der Karg Stiftung dazu einen wichtigen Beitrag&#8220;, so Staatssekret\u00e4r Sibler abschlie\u00dfend.<\/p>\n<p>Acht bayerische Gymnasien mit Hochbegabtenklassen haben sich in den vergangenen zwei Jahren zu Kompetenzzentren f\u00fcr Begabtenf\u00f6rderung weiterentwickelt. Sie begleiten nun andere Schulen bei der F\u00f6rderung besonders begabter Sch\u00fclerinnen und Sch\u00fcler. Damit erg\u00e4nzen sie die bestehenden Angebote der Ministerialbeauftragten und der Staatlichen Schulberatungsstellen. Die Weiterqualifizierung der acht Gymnasien erfolgte im Rahmen eines Kooperationsprojekts zwischen dem Bayerischen Bildungsministerium und der Karg-Stiftung.<\/p>\n<p>Weitere Informationen zur Begabtenf\u00f6rderung finden Sie unter:<\/p>\n<p>https:\/\/www.km.bayern.de\/eltern\/lernen\/hochbegabung.html<\/p>\n<p>Quelle:stmbw.bayern.de<\/p>\n","protected":false},"excerpt":{"rendered":"<p>Deggendorf: &#8222;Begabungen f\u00f6rdern hei\u00dft Bildungsgerechtigkeit sicherstellen&#8220; &#8211; Staatssekret\u00e4r Bernd Sibler bei Auftaktveranstaltung des Comenius-Gymnasiums als Kompetenzzentrum f\u00fcr Begabtenf\u00f6rderung &#8222;Das Comenius-Gymnasium bringt mit den erfolgreichen F\u00f6rderklassen f\u00fcr Hochbegabte einen langj\u00e4hrigen Erfahrungsschatz mit, von dem auch andere Schulen profitieren k\u00f6nnen&#8220;, betonte Staatssekret\u00e4r Bernd Sibler heute bei der Auftaktveranstaltung am Comenius-Gymnasium, an dem eines der acht bayerischen Kompetenzzentren [&hellip;]<\/p>\n","protected":false},"author":7,"featured_media":5014,"comment_status":"closed","ping_status":"open","sticky":false,"template":"","format":"standard","meta":{"footnotes":""},"categories":[78,71],"tags":[2056],"class_list":["post-10112","post","type-post","status-publish","format-standard","has-post-thumbnail","hentry","category-bayern","category-menue","tag-begabtenfoerderung"],"_links":{"self":[{"href":"https:\/\/www.frankensicht.de\/index.php?rest_route=\/wp\/v2\/posts\/10112","targetHints":{"allow":["GET"]}}],"collection":[{"href":"https:\/\/www.frankensicht.de\/index.php?rest_route=\/wp\/v2\/posts"}],"about":[{"href":"https:\/\/www.frankensicht.de\/index.php?rest_route=\/wp\/v2\/types\/post"}],"author":[{"embeddable":true,"href":"https:\/\/www.frankensicht.de\/index.php?rest_route=\/wp\/v2\/users\/7"}],"replies":[{"embeddable":true,"href":"https:\/\/www.frankensicht.de\/index.php?rest_route=%2Fwp%2Fv2%2Fcomments&post=10112"}],"version-history":[{"count":3,"href":"https:\/\/www.frankensicht.de\/index.php?rest_route=\/wp\/v2\/posts\/10112\/revisions"}],"predecessor-version":[{"id":10115,"href":"https:\/\/www.frankensicht.de\/index.php?rest_route=\/wp\/v2\/posts\/10112\/revisions\/10115"}],"wp:featuredmedia":[{"embeddable":true,"href":"https:\/\/www.frankensicht.de\/index.php?rest_route=\/wp\/v2\/media\/5014"}],"wp:attachment":[{"href":"https:\/\/www.frankensicht.de\/index.php?rest_route=%2Fwp%2Fv2%2Fmedia&parent=10112"}],"wp:term":[{"taxonomy":"category","embeddable":true,"href":"https:\/\/www.frankensicht.de\/index.php?rest_route=%2Fwp%2Fv2%2Fcategories&post=10112"},{"taxonomy":"post_tag","embeddable":true,"href":"https:\/\/www.frankensicht.de\/index.php?rest_route=%2Fwp%2Fv2%2Ftags&post=10112"}],"curies":[{"name":"wp","href":"https:\/\/api.w.org\/{rel}","templated":true}]}}