{"id":10098,"date":"2016-10-23T08:42:38","date_gmt":"2016-10-23T06:42:38","guid":{"rendered":"http:\/\/www.frankensicht.de\/?p=10098"},"modified":"2016-10-23T08:42:38","modified_gmt":"2016-10-23T06:42:38","slug":"mit-dem-aktuellen-morbi-rsa-ist-ein-fairer-wettbewerb-derzeit-nicht-moeglich","status":"publish","type":"post","link":"https:\/\/www.frankensicht.de\/?p=10098","title":{"rendered":"Mit dem aktuellen Morbi-RSA ist ein fairer Wettbewerb derzeit nicht m\u00f6glich"},"content":{"rendered":"<p><span style=\"color: #ff0000;\">M\u00fcnchen:<\/span><\/p>\n<p>Huml dringt auf gerechtere Finanzierung der Krankenkassen &#8211; Bayerns Gesundheitsministerin: Mit dem aktuellen Morbi-RSA ist ein fairer Wettbewerb derzeit nicht m\u00f6glich &#8211; 15. Europ\u00e4ischer Gesundheitskongress in M\u00fcnchen<\/p>\n<p>Bayerns Gesundheitsministerin Melanie Huml dringt auf mehr Fairness beim Wettbewerb der Krankenkassen in Deutschland. Huml betonte am Freitag anl\u00e4sslich des 15. Europ\u00e4ischen Gesundheitskongresses in M\u00fcnchen: &#8222;Mit dem aktuellen Risikostrukturausgleich (Morbi-RSA) ist fairer Wettbewerb zwischen Krankenkassen derzeit nicht m\u00f6glich. Die jetzigen Regelungen sind nicht nur ungerecht, sondern laden auch geradezu zu Manipulationen ein. Wir brauchen deshalb endlich nachhaltige Reformen beim Finanzausgleich der Kassen!&#8220;<\/p>\n<p><a href=\"https:\/\/www.frankensicht.de\/?attachment_id=4845\" rel=\"attachment wp-att-4845\"><img loading=\"lazy\" decoding=\"async\" class=\"alignnone size-medium wp-image-4845\" src=\"https:\/\/www.frankensicht.de\/wp-content\/uploads\/2012\/12\/1euro-300x225.jpg\" alt=\"1euro\" width=\"300\" height=\"225\" srcset=\"https:\/\/www.frankensicht.de\/wp-content\/uploads\/2012\/12\/1euro-300x225.jpg 300w, https:\/\/www.frankensicht.de\/wp-content\/uploads\/2012\/12\/1euro.jpg 640w\" sizes=\"auto, (max-width: 300px) 100vw, 300px\" \/><\/a><\/p>\n<p>Die Ministerin f\u00fcgte hinzu: &#8222;Bayern hat seine Hausaufgaben gemacht. Die landesunmittelbaren Krankenkassen nehmen nicht an einem falschen Wettbewerb des &#8218;Kr\u00e4nkermachens&#8216; teil. Ihnen wird aber vom Morbi-RSA die Ber\u00fccksichtigung der h\u00f6heren Kosten f\u00fcr Gesundheitsleistungen in Bayern verweigert.&#8220;<\/p>\n<p>Huml unterstrich: &#8222;Wenn ein regionaler Ausgleichsfaktor weiter von Berlin blockiert wird, muss der Gesundheitsfonds insgesamt auf den Pr\u00fcfstand. Denn bayerische Versichertengelder m\u00fcssen die Menschen in Bayern ausreichend unterst\u00fctzen. Derzeit werden jedoch die Leistungsausgaben der Krankenkassen in einer Hochlohn- und Hochpreisregion wie Bayern von den Zuweisungen des Gesundheitsfonds nicht abgedeckt.&#8220;<\/p>\n<p>Die Ministerin erl\u00e4uterte in ihrem Kongress-Gru\u00dfwort zudem ihr erfolgreiches Landarzt-F\u00f6rderprogramm. Sie betonte: &#8222;Die Nachfrage nach unseren F\u00f6rderma\u00dfnahmen ist gro\u00df. So konnten wir bereits 285 neue Arztpraxen im l\u00e4ndlichen Raum f\u00f6rdern.&#8220;<\/p>\n<p>Im Rahmen des Programms unterst\u00fctzt das bayerische Gesundheitsministerium die Niederlassung von Haus- und Fach\u00e4rzten mit bis zu 60.000 Euro. Psychotherapeuten k\u00f6nnen eine F\u00f6rderung von bis zu 20.000 Euro erhalten. Voraussetzung ist insbesondere, dass sich die Mediziner in Gemeinden mit nicht mehr als 20.000 Einwohnern niederlassen. Bei Kinder- und Jugendpsychiatern liegt die Grenze bei 40.000 Einwohnern.<\/p>\n<p>Zu dem Programm geh\u00f6rt auch die Vergabe von Stipendien an Medizinstudierende, die bereit sind, ihre Weiterbildung auf dem Land zu absolvieren und anschlie\u00dfend dort weitere f\u00fcnf Jahre t\u00e4tig zu sein. Auch hier ist das Interesse gro\u00df: Aktuell nehmen 112 Studenten an dem Stipendiatenprogramm teil.<\/p>\n<p>Huml erg\u00e4nzte: &#8222;Die junge \u00c4rztegeneration legt besonderen Wert auf die Vereinbarkeit von Beruf und Familie. Vor diesem Hintergrund haben wir als dritten Baustein unseres Programms die F\u00f6rderung &#8218;Innovativer medizinischer Versorgungskonzepte&#8216; entwickelt. Derzeit f\u00f6rdern wir 14 Projekte in diesem Bereich.&#8220;<\/p>\n<p>Mehr Informationen zum F\u00f6rderprogramm unter http:\/\/www.aerzteportal.bayern.de\/fachinformationen\/foerderprogramm\/niederlassung_hausaerzte-_aendl_raum.htm.<\/p>\n<p>Quelle: stmgp.bayern.de<\/p>\n<p>&nbsp;<\/p>\n","protected":false},"excerpt":{"rendered":"<p>M\u00fcnchen: Huml dringt auf gerechtere Finanzierung der Krankenkassen &#8211; Bayerns Gesundheitsministerin: Mit dem aktuellen Morbi-RSA ist ein fairer Wettbewerb derzeit nicht m\u00f6glich &#8211; 15. Europ\u00e4ischer Gesundheitskongress in M\u00fcnchen Bayerns Gesundheitsministerin Melanie Huml dringt auf mehr Fairness beim Wettbewerb der Krankenkassen in Deutschland. Huml betonte am Freitag anl\u00e4sslich des 15. Europ\u00e4ischen Gesundheitskongresses in M\u00fcnchen: &#8222;Mit dem [&hellip;]<\/p>\n","protected":false},"author":7,"featured_media":4845,"comment_status":"closed","ping_status":"open","sticky":false,"template":"","format":"standard","meta":{"footnotes":""},"categories":[78,71],"tags":[2096],"class_list":["post-10098","post","type-post","status-publish","format-standard","has-post-thumbnail","hentry","category-bayern","category-menue","tag-krankenkasse"],"_links":{"self":[{"href":"https:\/\/www.frankensicht.de\/index.php?rest_route=\/wp\/v2\/posts\/10098","targetHints":{"allow":["GET"]}}],"collection":[{"href":"https:\/\/www.frankensicht.de\/index.php?rest_route=\/wp\/v2\/posts"}],"about":[{"href":"https:\/\/www.frankensicht.de\/index.php?rest_route=\/wp\/v2\/types\/post"}],"author":[{"embeddable":true,"href":"https:\/\/www.frankensicht.de\/index.php?rest_route=\/wp\/v2\/users\/7"}],"replies":[{"embeddable":true,"href":"https:\/\/www.frankensicht.de\/index.php?rest_route=%2Fwp%2Fv2%2Fcomments&post=10098"}],"version-history":[{"count":2,"href":"https:\/\/www.frankensicht.de\/index.php?rest_route=\/wp\/v2\/posts\/10098\/revisions"}],"predecessor-version":[{"id":10100,"href":"https:\/\/www.frankensicht.de\/index.php?rest_route=\/wp\/v2\/posts\/10098\/revisions\/10100"}],"wp:featuredmedia":[{"embeddable":true,"href":"https:\/\/www.frankensicht.de\/index.php?rest_route=\/wp\/v2\/media\/4845"}],"wp:attachment":[{"href":"https:\/\/www.frankensicht.de\/index.php?rest_route=%2Fwp%2Fv2%2Fmedia&parent=10098"}],"wp:term":[{"taxonomy":"category","embeddable":true,"href":"https:\/\/www.frankensicht.de\/index.php?rest_route=%2Fwp%2Fv2%2Fcategories&post=10098"},{"taxonomy":"post_tag","embeddable":true,"href":"https:\/\/www.frankensicht.de\/index.php?rest_route=%2Fwp%2Fv2%2Ftags&post=10098"}],"curies":[{"name":"wp","href":"https:\/\/api.w.org\/{rel}","templated":true}]}}