{"id":10056,"date":"2016-10-10T08:17:11","date_gmt":"2016-10-10T06:17:11","guid":{"rendered":"http:\/\/www.frankensicht.de\/?p=10056"},"modified":"2016-10-10T08:17:11","modified_gmt":"2016-10-10T06:17:11","slug":"das-konzert-geht-zu-ende-landesgartenschau-in-bayreuth-schliesst-die-tore-wuerzburg-ausrichter-fuer-2018","status":"publish","type":"post","link":"https:\/\/www.frankensicht.de\/?p=10056","title":{"rendered":"Das Konzert geht zu Ende Landesgartenschau in Bayreuth schlie\u00dft die Tore \/ W\u00fcrzburg Ausrichter f\u00fcr 2018"},"content":{"rendered":"<p><span style=\"color: #ff0000;\">Bayreuth &#8211; W\u00fcrzburg:<\/span><\/p>\n<p>Scharf: Das Konzert geht zu Ende<br \/>\nLandesgartenschau in Bayreuth schlie\u00dft die Tore \/ W\u00fcrzburg Ausrichter f\u00fcr 2018<\/p>\n<p>Die Landesgartenschau in Bayreuth war ein \u00fcberw\u00e4ltigender Erfolg. Das betonte die Bayerische Umweltministerin Ulrike Scharf heute zum Abschluss der 18. Landesgartenschau in Bayreuth. &#8222;Die Landesgartenschau in Bayreuth war eine Schau der Superlative: Mit 45 Hektar Fl\u00e4che war Bayreuth die gr\u00f6\u00dfte bisher in Bayern durchgef\u00fchrte Landesgartenschau. Die Planer haben einen komplett neuen Park mitten in der Stadt angelegt. Der Rote Main wurde auf \u00fcber einem Kilometer L\u00e4nge renaturiert. Und die Besucher waren begeistert: Trotz des schlechten Wetters im Fr\u00fchsommer haben gut 900.000 Menschen das Gel\u00e4nde besucht. Das sind rund 150.000 Besucher mehr als erwartet. F\u00fcr die Stadt und die ganze Region Oberfranken ist das ein toller Erfolg&#8220;, so Scharf. Mit der Renaturierung des Roten Mains wurde eine neue Heimat f\u00fcr Fische, Lebensr\u00e4ume f\u00fcr V\u00f6gel und Insekten gewonnen. Scharf: &#8222;Mit vier gro\u00dfen Wasserschleifen, Flachwasserzonen und Kiesb\u00e4nken haben wir die Natur an den Roten Main zur\u00fcckgeholt. Au\u00dferdem bremst der neue, l\u00e4ngere Flusslauf Hochwasser. Die angrenzenden Auwiesen k\u00f6nnen das Wasser zur\u00fcckhalten.&#8220; Die Investitionen zur Landesgartenschau Bayreuth werden vom Umweltministerium und der EU jeweils mit rund 2,9 Millionen Euro gef\u00f6rdert, die Kosten f\u00fcr die Renaturierung des Roten Mains in H\u00f6he von rund 2 Millionen Euro haben der Freistaat Bayern und die EU getragen.<\/p>\n<p><a href=\"https:\/\/www.frankensicht.de\/?attachment_id=10059\" rel=\"attachment wp-att-10059\"><img loading=\"lazy\" decoding=\"async\" class=\"alignnone size-medium wp-image-10059\" src=\"https:\/\/www.frankensicht.de\/wp-content\/uploads\/2016\/10\/radieschen3-300x225.jpg\" alt=\"radieschen3\" width=\"300\" height=\"225\" srcset=\"https:\/\/www.frankensicht.de\/wp-content\/uploads\/2016\/10\/radieschen3-300x225.jpg 300w, https:\/\/www.frankensicht.de\/wp-content\/uploads\/2016\/10\/radieschen3.jpg 640w\" sizes=\"auto, (max-width: 300px) 100vw, 300px\" \/><\/a><\/p>\n<p>Die n\u00e4chste Bayerische Landesgartenschau findet 2018 in W\u00fcrzburg statt. Scharf: &#8222;W\u00fcrzburg hat sich nach 1990 bereits zum zweiten Mal erfolgreich f\u00fcr eine Landesgartenschau beworben. Das ist ein klares Bekenntnis zu mehr Natur in der Stadt. Wir alle freuen uns auf ein gro\u00dfartiges Gartenfest 2018 in Unterfranken.&#8220; Die Landesgartenschau W\u00fcrzburg \u00f6ffnet ihre Tore im April 2018. Auch diese Gartenschau wird mit voraussichtlich rund 5,8 Millionen Euro durch Mittel des Freistaats Bayern und der EU unterst\u00fctzt.<\/p>\n<p>Durch Gartenschauen sind in Bayerns St\u00e4dten bislang rund 460 Hektar Gr\u00fcn- und Erholungsfl\u00e4chen entstanden &amp;ndash; das sind knapp 650 Fu\u00dfballfelder. Insgesamt 66 Millionen Euro wurden daf\u00fcr vom Freistaat investiert.<\/p>\n<p>http:\/\/www.stmuv.bayern.de\/themen\/naturschutz\/unterwegs\/gartenschauen\/laga.htm<\/p>\n","protected":false},"excerpt":{"rendered":"<p>Bayreuth &#8211; W\u00fcrzburg: Scharf: Das Konzert geht zu Ende Landesgartenschau in Bayreuth schlie\u00dft die Tore \/ W\u00fcrzburg Ausrichter f\u00fcr 2018 Die Landesgartenschau in Bayreuth war ein \u00fcberw\u00e4ltigender Erfolg. Das betonte die Bayerische Umweltministerin Ulrike Scharf heute zum Abschluss der 18. Landesgartenschau in Bayreuth. &#8222;Die Landesgartenschau in Bayreuth war eine Schau der Superlative: Mit 45 Hektar [&hellip;]<\/p>\n","protected":false},"author":7,"featured_media":10059,"comment_status":"closed","ping_status":"open","sticky":false,"template":"","format":"standard","meta":{"footnotes":""},"categories":[71,84,87],"tags":[2085],"class_list":["post-10056","post","type-post","status-publish","format-standard","has-post-thumbnail","hentry","category-menue","category-unterfranken","category-wurzburg-unterfranken","tag-landesgartenschau-2018-wuerzburg"],"_links":{"self":[{"href":"https:\/\/www.frankensicht.de\/index.php?rest_route=\/wp\/v2\/posts\/10056","targetHints":{"allow":["GET"]}}],"collection":[{"href":"https:\/\/www.frankensicht.de\/index.php?rest_route=\/wp\/v2\/posts"}],"about":[{"href":"https:\/\/www.frankensicht.de\/index.php?rest_route=\/wp\/v2\/types\/post"}],"author":[{"embeddable":true,"href":"https:\/\/www.frankensicht.de\/index.php?rest_route=\/wp\/v2\/users\/7"}],"replies":[{"embeddable":true,"href":"https:\/\/www.frankensicht.de\/index.php?rest_route=%2Fwp%2Fv2%2Fcomments&post=10056"}],"version-history":[{"count":3,"href":"https:\/\/www.frankensicht.de\/index.php?rest_route=\/wp\/v2\/posts\/10056\/revisions"}],"predecessor-version":[{"id":10060,"href":"https:\/\/www.frankensicht.de\/index.php?rest_route=\/wp\/v2\/posts\/10056\/revisions\/10060"}],"wp:featuredmedia":[{"embeddable":true,"href":"https:\/\/www.frankensicht.de\/index.php?rest_route=\/wp\/v2\/media\/10059"}],"wp:attachment":[{"href":"https:\/\/www.frankensicht.de\/index.php?rest_route=%2Fwp%2Fv2%2Fmedia&parent=10056"}],"wp:term":[{"taxonomy":"category","embeddable":true,"href":"https:\/\/www.frankensicht.de\/index.php?rest_route=%2Fwp%2Fv2%2Fcategories&post=10056"},{"taxonomy":"post_tag","embeddable":true,"href":"https:\/\/www.frankensicht.de\/index.php?rest_route=%2Fwp%2Fv2%2Ftags&post=10056"}],"curies":[{"name":"wp","href":"https:\/\/api.w.org\/{rel}","templated":true}]}}