{"id":10051,"date":"2016-10-08T08:31:15","date_gmt":"2016-10-08T06:31:15","guid":{"rendered":"http:\/\/www.frankensicht.de\/?p=10051"},"modified":"2016-10-08T08:31:15","modified_gmt":"2016-10-08T06:31:15","slug":"vor%c2%adstel%c2%adlung-der-son%c2%adder%c2%adbrief%c2%admar%c2%adke-dom-zu-na%c2%adum%c2%adburg","status":"publish","type":"post","link":"https:\/\/www.frankensicht.de\/?p=10051","title":{"rendered":"Vor\u00adstel\u00adlung der Son\u00adder\u00adbrief\u00admar\u00adke \u201eDom zu Na\u00adum\u00adburg\u201c"},"content":{"rendered":"<div class=\"article-header-wrapper\">\n<div class=\"article-header-wrapper-inner\">\n<div class=\"article-header-wrapper-box\">\n<div class=\"article-header\">\n<p class=\"dachzeile\"><span style=\"color: #ff0000;\">Berlin:<\/span><\/p>\n<p class=\"dachzeile\">Briefmarken und Sammlerm\u00fcnzen<\/p>\n<h1 class=\"isFirstInSlot\">Vor\u00adstel\u00adlung der Son\u00adder\u00adbrief\u00admar\u00adke \u201eDom zu Na\u00adum\u00adburg\u201c<\/h1>\n<div class=\"subheadline\">\n<p class=\"heading\">Das Bundesministerium der Finanzen gibt im Oktober 2016 ein Sonderpostwertzeichen \u201eDom zu Naumburg\u201c heraus.<\/p>\n<\/div>\n<ul class=\"doc-data pressrelease\">\n<li><span class=\"label\">Nummer<\/span> <span class=\"value\">27<\/span><\/li>\n<\/ul>\n<div class=\"picture img-551\">\n<figure class=\"figure-box-wrapper figure-embedded\"><span class=\"figure-box\"><span class=\"wrapper\"><a href=\"https:\/\/www.frankensicht.de\/?attachment_id=10053\" rel=\"attachment wp-att-10053\"><img loading=\"lazy\" decoding=\"async\" class=\"alignnone size-medium wp-image-10053\" src=\"https:\/\/www.frankensicht.de\/wp-content\/uploads\/2016\/10\/1610_Dom_Naumburg.jpgjsessionid8946725DA2E805C20C1D0F38D70D5652-300x183.jpeg\" alt=\"1610_dom_naumburg-jpgjsessionid8946725da2e805c20c1d0f38d70d5652\" width=\"300\" height=\"183\" srcset=\"https:\/\/www.frankensicht.de\/wp-content\/uploads\/2016\/10\/1610_Dom_Naumburg.jpgjsessionid8946725DA2E805C20C1D0F38D70D5652-300x183.jpeg 300w, https:\/\/www.frankensicht.de\/wp-content\/uploads\/2016\/10\/1610_Dom_Naumburg.jpgjsessionid8946725DA2E805C20C1D0F38D70D5652-768x469.jpeg 768w, https:\/\/www.frankensicht.de\/wp-content\/uploads\/2016\/10\/1610_Dom_Naumburg.jpgjsessionid8946725DA2E805C20C1D0F38D70D5652.jpeg 877w\" sizes=\"auto, (max-width: 300px) 100vw, 300px\" \/><\/a>\u00a0<\/span><\/span><figcaption><span class=\"caption\">Oktober 2016 (Ausgabetag: 06.10.2016)<\/span><\/figcaption><\/figure>\n<\/div>\n<\/div>\n<\/div>\n<\/div>\n<\/div>\n<div class=\"article-content-wrapper\">\n<div class=\"article-text-wrapper\">\n<div class=\"article-text singleview\">\n<p class=\"Abs15\">Der Parlamentarische Staatssekret\u00e4r beim Bundesminister der Finanzen<strong>, <\/strong><abbr title=\"Doktor\">Dr.<\/abbr> Michael Meister, stellt die Briefmarke am kommenden Dienstag in Naumburg vor. Die Pr\u00e4sentation findet am 11. Oktober 2016 um 13.00 Uhr in St. Marien am Dom zu Naumburg, Domplatz 16 in 06618 Naumburg statt.<\/p>\n<p class=\"Abs15\"><em>\u201eWie kein zweites Geb\u00e4ude bestimmt der ab 1028 entstandene Dom St. Peter und Paul die Silhouette der Stadt Naumburg. Mit der Klausur, der Dreik\u00f6nigskapelle und der Marienkirche geh\u00f6rt die einstige Bischofskirche zu den bedeutendsten sakralen Ensembles aus dem Mittelalter. Weltbekannt ist der Dom vor allem durch die vom \u201eNaumburger Meister\u201c um 1250 vollendeten zw\u00f6lf Stifterfiguren im Westchor. Insbesondere die sprichw\u00f6rtlich gewordene Stifterfigur Uta vermag j\u00e4hrlich tausende Besucher in ihren Bann zu ziehen.<\/em><\/p>\n<p class=\"Abs15\"><em>Heute ist der Dom die Hauptkirche der evangelischen Gemeinde Naumburgs und befindet sich im Eigentum der Vereinigten Domstifter zu Merseburg und Naumburg und des Kollegiatstifts Zeitz. Die Bundesrepublik Deutschland hat bei der UNESCO die Aufnahme des Doms und der ihn umgebenden Kulturlandschaft in das Welterbe beantragt. Die Auswahl als Briefmarkenmotiv ist auf Vorschlag der Evangelischen Kirche in Deutschland erfolgt.\u201c<\/em><br \/>\n<em>(Text:<\/em> <em>Dr. Holger Kunde, Stiftsdirektor Vereinigte Domstifter zu Merseburg und Naumburg)<\/em><\/p>\n<p class=\"Abs15\">Das Sonderpostwertzeichen wurde von dem Grafiker <abbr title=\"Professor\">Prof.<\/abbr> Markus Dre\u00dfen aus Leipzig gestaltet; es hat einen Wert von 45 Cent und ist ab <strong>6. Oktober<\/strong> <strong>2016<\/strong> in den Verkaufsstellen der Deutschen Post AG erh\u00e4ltlich.<\/p>\n<p class=\"Abs15\">Quelle: bundesfinanzministerium.de<\/p>\n<\/div>\n<\/div>\n<\/div>\n","protected":false},"excerpt":{"rendered":"<p>Berlin: Briefmarken und Sammlerm\u00fcnzen Vor\u00adstel\u00adlung der Son\u00adder\u00adbrief\u00admar\u00adke \u201eDom zu Na\u00adum\u00adburg\u201c Das Bundesministerium der Finanzen gibt im Oktober 2016 ein Sonderpostwertzeichen \u201eDom zu Naumburg\u201c heraus. Nummer 27 \u00a0Oktober 2016 (Ausgabetag: 06.10.2016) Der Parlamentarische Staatssekret\u00e4r beim Bundesminister der Finanzen, Dr. Michael Meister, stellt die Briefmarke am kommenden Dienstag in Naumburg vor. Die Pr\u00e4sentation findet am 11. Oktober [&hellip;]<\/p>\n","protected":false},"author":7,"featured_media":10053,"comment_status":"closed","ping_status":"open","sticky":false,"template":"","format":"standard","meta":{"footnotes":""},"categories":[44,3],"tags":[2084],"class_list":["post-10051","post","type-post","status-publish","format-standard","has-post-thumbnail","hentry","category-deutschland-2","category-news","tag-dom-zu-naumburg"],"_links":{"self":[{"href":"https:\/\/www.frankensicht.de\/index.php?rest_route=\/wp\/v2\/posts\/10051","targetHints":{"allow":["GET"]}}],"collection":[{"href":"https:\/\/www.frankensicht.de\/index.php?rest_route=\/wp\/v2\/posts"}],"about":[{"href":"https:\/\/www.frankensicht.de\/index.php?rest_route=\/wp\/v2\/types\/post"}],"author":[{"embeddable":true,"href":"https:\/\/www.frankensicht.de\/index.php?rest_route=\/wp\/v2\/users\/7"}],"replies":[{"embeddable":true,"href":"https:\/\/www.frankensicht.de\/index.php?rest_route=%2Fwp%2Fv2%2Fcomments&post=10051"}],"version-history":[{"count":3,"href":"https:\/\/www.frankensicht.de\/index.php?rest_route=\/wp\/v2\/posts\/10051\/revisions"}],"predecessor-version":[{"id":10055,"href":"https:\/\/www.frankensicht.de\/index.php?rest_route=\/wp\/v2\/posts\/10051\/revisions\/10055"}],"wp:featuredmedia":[{"embeddable":true,"href":"https:\/\/www.frankensicht.de\/index.php?rest_route=\/wp\/v2\/media\/10053"}],"wp:attachment":[{"href":"https:\/\/www.frankensicht.de\/index.php?rest_route=%2Fwp%2Fv2%2Fmedia&parent=10051"}],"wp:term":[{"taxonomy":"category","embeddable":true,"href":"https:\/\/www.frankensicht.de\/index.php?rest_route=%2Fwp%2Fv2%2Fcategories&post=10051"},{"taxonomy":"post_tag","embeddable":true,"href":"https:\/\/www.frankensicht.de\/index.php?rest_route=%2Fwp%2Fv2%2Ftags&post=10051"}],"curies":[{"name":"wp","href":"https:\/\/api.w.org\/{rel}","templated":true}]}}