{"id":10044,"date":"2016-10-11T08:17:18","date_gmt":"2016-10-11T06:17:18","guid":{"rendered":"http:\/\/www.frankensicht.de\/?p=10044"},"modified":"2016-10-11T08:17:18","modified_gmt":"2016-10-11T06:17:18","slug":"bundesregierung-aktualisiert-klimaschutz-projektion","status":"publish","type":"post","link":"https:\/\/www.frankensicht.de\/?p=10044","title":{"rendered":"Bundesregierung aktualisiert Klimaschutz-Projektion"},"content":{"rendered":"<p><span style=\"color: #ff0000;\">Berlin:<\/span><\/p>\n<p>Bundesregierung aktualisiert Klimaschutz-Projektion<\/p>\n<p>Die Bundesregierung hat aktualisierte Szenarien f\u00fcr die<br \/>\nTreibhausgasemissionen in Deutschland in den n\u00e4chsten zwanzig Jahren an<br \/>\ndie EU-Kommission \u00fcbermittelt. Darin werden erstmals die Ende 2014 mit<br \/>\ndem Aktionsprogramm Klimaschutz 2020 beschlossenen Ma\u00dfnahmen<br \/>\nber\u00fccksichtigt.<\/p>\n<p>Die Zahlen zeigen: Bei z\u00fcgiger und anspruchsvoller Umsetzung der mehr als<br \/>\n100 beschlossenen Ma\u00dfnahmen ist bis 2020 eine Treibhausgasminderung von<br \/>\n37,0 bis 40,4 Prozent im Vergleich zu 1990 erreichbar. Ohne die neuen<br \/>\nMa\u00dfnahmen lag der erreichbare Zielkorridor nur zwischen 32 und 35<br \/>\nProzent. Die Spanne erkl\u00e4rt sich durch unterschiedliche Annahmen zur<br \/>\nk\u00fcnftigen Entwicklung des Wirtschaftswachstums, der Energiepreise und des<br \/>\nStromexports. Von 1990 bis 2015 wurde bereits eine Treibhausgas-Minderung<br \/>\nvon 27 Prozent erreicht.<\/p>\n<p><a href=\"https:\/\/www.frankensicht.de\/?attachment_id=4898\" rel=\"attachment wp-att-4898\"><img loading=\"lazy\" decoding=\"async\" class=\"alignnone size-medium wp-image-4898\" src=\"https:\/\/www.frankensicht.de\/wp-content\/uploads\/2013\/01\/lichtschalter-300x225.jpg\" alt=\"lichtschalter\" width=\"300\" height=\"225\" srcset=\"https:\/\/www.frankensicht.de\/wp-content\/uploads\/2013\/01\/lichtschalter-300x225.jpg 300w, https:\/\/www.frankensicht.de\/wp-content\/uploads\/2013\/01\/lichtschalter.jpg 640w\" sizes=\"auto, (max-width: 300px) 100vw, 300px\" \/><\/a><\/p>\n<p>Bundesumweltministerin Barbara Hendricks: \u201eDer Bericht macht deutlich,<br \/>\ndass wir bei unseren Klimaschutzanstrengungen keinesfalls nachlassen<br \/>\nd\u00fcrfen. Das gilt f\u00fcr alle Sektoren vom Verkehrssektor \u00fcber die<br \/>\nLandwirtschaft bis hin zum kontinuierlichen Ausbau der erneuerbaren<br \/>\nEnergien. Wir werden die Entwicklung genau beobachten. Falls n\u00f6tig, wird<br \/>\ndie Bundesregierung rechtzeitig nachsteuern m\u00fcssen.\u201c<\/p>\n<p>Der bisherige Projektionsbericht der Bundesregierung vom M\u00e4rz 2015<br \/>\nenthielt nur die Klimaschutzma\u00dfnahmen mit Stand vom Sommer 2014. Der<br \/>\nBericht wurde jetzt aktualisiert, um die Wirkung der Ma\u00dfnahmen des<br \/>\nAktionsprogramms Klimaschutz 2020, das im Dezember 2014 beschlossen wurde,<br \/>\neinsch\u00e4tzen zu k\u00f6nnen. Dabei wurde von einer z\u00fcgigen, ambitionierten<br \/>\nund vollst\u00e4ndigen Umsetzung aller Ma\u00dfnahmen ausgegangen.<\/p>\n<p>Tats\u00e4chlich ist heute f\u00fcr nahezu alle Ma\u00dfnahmen die Umsetzungsplanung<br \/>\nweit fortgeschritten. Einige Ma\u00dfnahmen konnten bereits vollst\u00e4ndig<br \/>\numgesetzt werden. Mit Wirkung vom 1. Oktober dieses Jahres ist mit dem<br \/>\nKraftwerk Buschhaus zudem der erste von insgesamt acht<br \/>\nBraunkohlekraftwerksbl\u00f6cken wie vorgesehen vom Netz gegangen. Die<br \/>\nvorzeitige Au\u00dferbetriebnahme dieses und weiterer Kraftwerksbl\u00f6cke bis<br \/>\nOktober 2019 leistet einen der gr\u00f6\u00dften Klimaschutzbeitr\u00e4ge im Rahmen<br \/>\ndes Aktionsprogramms Klimaschutz 2020.<\/p>\n<p>Die Bundesregierung dokumentiert den jeweiligen Umsetzungsstand der<br \/>\nKlimaschutz-Ma\u00dfnahmen j\u00e4hrlich in einem Klimaschutzbericht, in den auch<br \/>\ndie aktuelle Projektion einflie\u00dft. Der n\u00e4chste Klimaschutzbericht soll<br \/>\nEnde des Jahres vorgelegt werden.<\/p>\n<p>Weitere Informationen und der Ergebnisse des Projektionsberichts:<br \/>\nwww.bmub.bund.de\/N51715\/<\/p>\n<p>Den vollst\u00e4ndigen Bericht wie an die Kommission \u00fcbermittelt finden Sie<br \/>\nhier:<br \/>\nhttp:\/\/cdr.eionet.europa.eu\/de\/eu\/mmr\/art04-13-14_lcds_pams_projections\/projections\/envv_vp1a\/160928_PB2015_MWMS.final.pdf<\/p>\n<p>Quelle: bmub.bund.de<\/p>\n","protected":false},"excerpt":{"rendered":"<p>Berlin: Bundesregierung aktualisiert Klimaschutz-Projektion Die Bundesregierung hat aktualisierte Szenarien f\u00fcr die Treibhausgasemissionen in Deutschland in den n\u00e4chsten zwanzig Jahren an die EU-Kommission \u00fcbermittelt. Darin werden erstmals die Ende 2014 mit dem Aktionsprogramm Klimaschutz 2020 beschlossenen Ma\u00dfnahmen ber\u00fccksichtigt. Die Zahlen zeigen: Bei z\u00fcgiger und anspruchsvoller Umsetzung der mehr als 100 beschlossenen Ma\u00dfnahmen ist bis 2020 eine [&hellip;]<\/p>\n","protected":false},"author":7,"featured_media":4898,"comment_status":"closed","ping_status":"open","sticky":false,"template":"","format":"standard","meta":{"footnotes":""},"categories":[44,3],"tags":[238],"class_list":["post-10044","post","type-post","status-publish","format-standard","has-post-thumbnail","hentry","category-deutschland-2","category-news","tag-klimaschutz"],"_links":{"self":[{"href":"https:\/\/www.frankensicht.de\/index.php?rest_route=\/wp\/v2\/posts\/10044","targetHints":{"allow":["GET"]}}],"collection":[{"href":"https:\/\/www.frankensicht.de\/index.php?rest_route=\/wp\/v2\/posts"}],"about":[{"href":"https:\/\/www.frankensicht.de\/index.php?rest_route=\/wp\/v2\/types\/post"}],"author":[{"embeddable":true,"href":"https:\/\/www.frankensicht.de\/index.php?rest_route=\/wp\/v2\/users\/7"}],"replies":[{"embeddable":true,"href":"https:\/\/www.frankensicht.de\/index.php?rest_route=%2Fwp%2Fv2%2Fcomments&post=10044"}],"version-history":[{"count":2,"href":"https:\/\/www.frankensicht.de\/index.php?rest_route=\/wp\/v2\/posts\/10044\/revisions"}],"predecessor-version":[{"id":10046,"href":"https:\/\/www.frankensicht.de\/index.php?rest_route=\/wp\/v2\/posts\/10044\/revisions\/10046"}],"wp:featuredmedia":[{"embeddable":true,"href":"https:\/\/www.frankensicht.de\/index.php?rest_route=\/wp\/v2\/media\/4898"}],"wp:attachment":[{"href":"https:\/\/www.frankensicht.de\/index.php?rest_route=%2Fwp%2Fv2%2Fmedia&parent=10044"}],"wp:term":[{"taxonomy":"category","embeddable":true,"href":"https:\/\/www.frankensicht.de\/index.php?rest_route=%2Fwp%2Fv2%2Fcategories&post=10044"},{"taxonomy":"post_tag","embeddable":true,"href":"https:\/\/www.frankensicht.de\/index.php?rest_route=%2Fwp%2Fv2%2Ftags&post=10044"}],"curies":[{"name":"wp","href":"https:\/\/api.w.org\/{rel}","templated":true}]}}