{"id":10036,"date":"2016-10-07T08:24:40","date_gmt":"2016-10-07T06:24:40","guid":{"rendered":"http:\/\/www.frankensicht.de\/?p=10036"},"modified":"2024-01-24T08:47:08","modified_gmt":"2024-01-24T07:47:08","slug":"vor%c2%adstel%c2%adlung-der-100-eu%c2%adro-gold%c2%admuen%c2%adze-un%c2%ades%c2%adco-welt%c2%ader%c2%adbe-alt%c2%adstadt-re%c2%adgens%c2%adburg-mit-stadt%c2%adam%c2%adhof","status":"publish","type":"post","link":"https:\/\/www.frankensicht.de\/?p=10036","title":{"rendered":"Vor\u00adstel\u00adlung der 100-Eu\u00adro-Gold\u00adm\u00fcn\u00adze \u201eUN\u00adES\u00adCO Welt\u00ader\u00adbe Alt\u00adstadt Re\u00adgens\u00adburg mit Stadt\u00adam\u00adhof\u201c"},"content":{"rendered":"<p><span style=\"color: #ff0000;\">Berlin:<\/span><\/p>\n<div class=\"article-header-wrapper\">\n<div class=\"article-header-wrapper-inner\">\n<div class=\"article-header-wrapper-box\">\n<div class=\"article-header\">\n<p class=\"dachzeile\">Briefmarken und Sammlerm\u00fcnzen<\/p>\n<h1 class=\"isFirstInSlot\">Vor\u00adstel\u00adlung der 100-Eu\u00adro-Gold\u00adm\u00fcn\u00adze \u201eUN\u00adES\u00adCO Welt\u00ader\u00adbe Alt\u00adstadt Re\u00adgens\u00adburg mit Stadt\u00adam\u00adhof\u201c<\/h1>\n<div class=\"subheadline\">\n<p class=\"heading\">Im Oktober 2016 gibt das Bundesministerium der Finanzen die 100-Euro-Goldm\u00fcnze UNESCO Welterbe Altstadt Regensburg mit Stadtamhof heraus. Es ist die dreizehnte Ausgabe im Rahmen einer 2003 begonnenen mehrj\u00e4hrigen Goldm\u00fcnzen-Serie mit Motiven von Welterbest\u00e4tten der UNESCO in Deutschland.<\/p>\n<\/div>\n<ul class=\"doc-data pressrelease\">\n<li><span class=\"label\">Nummer<\/span> <span class=\"value\">26<\/span><\/li>\n<\/ul>\n<div class=\"picture img-551\">\n<figure class=\"figure-box-wrapper figure-embedded\"><a href=\"https:\/\/www.frankensicht.de\/?attachment_id=10037\" rel=\"attachment wp-att-10037\"><img loading=\"lazy\" decoding=\"async\" class=\"alignnone size-medium wp-image-10037\" src=\"https:\/\/www.frankensicht.de\/wp-content\/uploads\/2016\/10\/2016-10-04-PM26-goldmuenze-stadtamhof.jpgjsessionid6328408D9DB16B2475C2D139F948C1D9-300x169.jpeg\" alt=\"2016-10-04-pm26-goldmuenze-stadtamhof-jpgjsessionid6328408d9db16b2475c2d139f948c1d9\" width=\"300\" height=\"169\" srcset=\"https:\/\/www.frankensicht.de\/wp-content\/uploads\/2016\/10\/2016-10-04-PM26-goldmuenze-stadtamhof.jpgjsessionid6328408D9DB16B2475C2D139F948C1D9-300x169.jpeg 300w, https:\/\/www.frankensicht.de\/wp-content\/uploads\/2016\/10\/2016-10-04-PM26-goldmuenze-stadtamhof.jpgjsessionid6328408D9DB16B2475C2D139F948C1D9-768x432.jpeg 768w, https:\/\/www.frankensicht.de\/wp-content\/uploads\/2016\/10\/2016-10-04-PM26-goldmuenze-stadtamhof.jpgjsessionid6328408D9DB16B2475C2D139F948C1D9-384x217.jpeg 384w, https:\/\/www.frankensicht.de\/wp-content\/uploads\/2016\/10\/2016-10-04-PM26-goldmuenze-stadtamhof.jpgjsessionid6328408D9DB16B2475C2D139F948C1D9.jpeg 877w\" sizes=\"auto, (max-width: 300px) 100vw, 300px\" \/><\/a><figcaption><span class=\"source\">Quelle:\u2002 <cite>BADV<\/cite><\/span><\/figcaption><\/figure>\n<\/div>\n<\/div>\n<\/div>\n<\/div>\n<\/div>\n<div class=\"article-content-wrapper\">\n<div class=\"article-text-wrapper\">\n<div class=\"article-text singleview\">\n<p>Mit der Goldm\u00fcnze f\u00fcr die Altstadt Regensburg mit Stadtamhof wird ein\u00a0Stadtensemble gew\u00fcrdigt, das sich \u00fcber 183 Hektar erstreckt, <abbr title=\"circa\">ca.<\/abbr> 1000 Baudenkm\u00e4ler umfasst und seit Juli 2006 zum Welterbe der UNESCO geh\u00f6rt.<\/p>\n<p>Der Parlamentarische Staatssekret\u00e4r beim Bundesminister der Finanzen, <abbr title=\"Doktor\">Dr.<\/abbr> Michael Meister, stellt die Goldm\u00fcnze am morgigen Mittwoch in Regensburg vor. Die Pr\u00e4sentation findet am 5. Oktober 2016 um 15 Uhr in der\u00a0Minoritenkirche im Historischen Museum der Stadt Regensburg, Dachauplatz 2-4, 93047 Regensburg statt.<\/p>\n<p>Erstpr\u00e4gungen der neuen Goldm\u00fcnze \u00fcberreicht Dr. Meister an Joachim Wolbergs, Oberb\u00fcrgermeister der Stadt Regensburg, an Klemens Unger, Kulturreferent der Stadt Regensburg, sowie an Dr. Peter Germann-Bauer, Direktor der Museen der Stadt Regensburg.<\/p>\n<p>Der Entwurf zur diesj\u00e4hrigen Goldm\u00fcnze stammt von dem Bildhauer Friedrich Brenner aus Diedorf. Die Bildseite zeigt die Stadt am Fluss mit ihren Stadtteilen und Inseln in einer Vogelperspektive, bei der die H\u00e4user in einer Fassadenansicht erscheinen und die wichtigsten Bauten akzentuiert hervorgehoben sind. Die Darstellung verbindet die \u00fcber 2000-j\u00e4hrige faszinierende Geschichte von Regensburg mit der Modernit\u00e4t der Jetztzeit. Die Wertseite zeigt einen Adler, den Schriftzug \u201eBUNDESREPUBLIK DEUTSCHLAND\u201c, Wertziffer und Wertbezeichnung, die Jahreszahl 2016, die zw\u00f6lf Europasterne sowie \u2013 je nach Pr\u00e4gest\u00e4tte \u2013 das M\u00fcnzzeichen \u201eA\u201c (Berlin), \u201eD\u201c (M\u00fcnchen), \u201eF\u201c (Stuttgart), \u201eG\u201c(Karlsruhe) oder \u201eJ\u201c (Hamburg).<\/p>\n<p>Die M\u00fcnze wird \u2013 wie die bisherigen deutschen 100-Euro-Goldm\u00fcnzen \u2013 aus Feingold (999,9 Tausendteile) bestehen. Ihre Masse wird 15,5 Gramm und der Durchmesser 28 mm betragen. Der M\u00fcnzrand wird geriffelt ausgef\u00fchrt.<\/p>\n<p>Die 100-Euro-Goldm\u00fcnze UNESCO Welterbe Altstadt Regensburg mit Stadtamhof wird vom 4. Oktober 2016 an durch die Verkaufsstelle f\u00fcr Sammlerm\u00fcnzen der Bundesrepublik Deutschland in 92626 Weiden ausgeliefert.<\/p>\n<p>Bisher sind in der Serie folgende 100-Euro-Goldm\u00fcnzen ausgegeben worden:<\/p>\n<ul>\n<li>\u201eUNESCO Weltkulturerbestadt &#8211; Quedlinburg\u201c (2003)<\/li>\n<li>\u201eUNESCO Weltkulturerbestadt &#8211; Bamberg\u201c(2004)<\/li>\n<li>\u201eUNESCO Welterbe &#8211; Klassisches Weimar\u201c (2006)<\/li>\n<li>\u201eUNESCO Welterbe &#8211; Hansestadt L\u00fcbeck\u201c (2007)<\/li>\n<li>\u201eUNESCO Welterbe &#8211; Altstadt Goslar &#8211; Bergwerk Rammelsberg\u201c (2008)<\/li>\n<li>\u201eUNESCO Welterbe &#8211; R\u00f6mische Baudenkm\u00e4ler Dom und Liebfrauenkirche in Trier\u201c (2009)<\/li>\n<li>\u201eUNESCO Welterbe &#8211; W\u00fcrzburger Residenz und Hofgarten\u201c (2010)<\/li>\n<li>\u201eUNESCO Welterbe &#8211; Wartburg (2011)<\/li>\n<li>\u201eUNESCO Welterbe &#8211; Dom zu Aachen\u201c (2012)<\/li>\n<li>\u201eUNESCO Welterbe &#8211; Gartenreich Dessau-W\u00f6rlitz\u201c (2013)<\/li>\n<li>\u201eUNESCO Welterbe &#8211; Kloster Lorsch\u201c (2014)<\/li>\n<li>\u201eUNESCO Welterbe &#8211; Oberes Mittelrheintal (2015)<\/li>\n<\/ul>\n<\/div>\n<\/div>\n<\/div>\n","protected":false},"excerpt":{"rendered":"<p>Berlin: Briefmarken und Sammlerm\u00fcnzen Vor\u00adstel\u00adlung der 100-Eu\u00adro-Gold\u00adm\u00fcn\u00adze \u201eUN\u00adES\u00adCO Welt\u00ader\u00adbe Alt\u00adstadt Re\u00adgens\u00adburg mit Stadt\u00adam\u00adhof\u201c Im Oktober 2016 gibt das Bundesministerium der Finanzen die 100-Euro-Goldm\u00fcnze UNESCO Welterbe Altstadt Regensburg mit Stadtamhof heraus. Es ist die dreizehnte Ausgabe im Rahmen einer 2003 begonnenen mehrj\u00e4hrigen Goldm\u00fcnzen-Serie mit Motiven von Welterbest\u00e4tten der UNESCO in Deutschland. Nummer 26 Quelle:\u2002 BADV Mit [&hellip;]<\/p>\n","protected":false},"author":7,"featured_media":10037,"comment_status":"closed","ping_status":"open","sticky":false,"template":"","format":"standard","meta":{"footnotes":""},"categories":[78,3],"tags":[2081],"class_list":["post-10036","post","type-post","status-publish","format-standard","has-post-thumbnail","hentry","category-bayern","category-news","tag-100-euro-gedenkmuenze"],"_links":{"self":[{"href":"https:\/\/www.frankensicht.de\/index.php?rest_route=\/wp\/v2\/posts\/10036","targetHints":{"allow":["GET"]}}],"collection":[{"href":"https:\/\/www.frankensicht.de\/index.php?rest_route=\/wp\/v2\/posts"}],"about":[{"href":"https:\/\/www.frankensicht.de\/index.php?rest_route=\/wp\/v2\/types\/post"}],"author":[{"embeddable":true,"href":"https:\/\/www.frankensicht.de\/index.php?rest_route=\/wp\/v2\/users\/7"}],"replies":[{"embeddable":true,"href":"https:\/\/www.frankensicht.de\/index.php?rest_route=%2Fwp%2Fv2%2Fcomments&post=10036"}],"version-history":[{"count":4,"href":"https:\/\/www.frankensicht.de\/index.php?rest_route=\/wp\/v2\/posts\/10036\/revisions"}],"predecessor-version":[{"id":16401,"href":"https:\/\/www.frankensicht.de\/index.php?rest_route=\/wp\/v2\/posts\/10036\/revisions\/16401"}],"wp:featuredmedia":[{"embeddable":true,"href":"https:\/\/www.frankensicht.de\/index.php?rest_route=\/wp\/v2\/media\/10037"}],"wp:attachment":[{"href":"https:\/\/www.frankensicht.de\/index.php?rest_route=%2Fwp%2Fv2%2Fmedia&parent=10036"}],"wp:term":[{"taxonomy":"category","embeddable":true,"href":"https:\/\/www.frankensicht.de\/index.php?rest_route=%2Fwp%2Fv2%2Fcategories&post=10036"},{"taxonomy":"post_tag","embeddable":true,"href":"https:\/\/www.frankensicht.de\/index.php?rest_route=%2Fwp%2Fv2%2Ftags&post=10036"}],"curies":[{"name":"wp","href":"https:\/\/api.w.org\/{rel}","templated":true}]}}