{"id":10006,"date":"2016-09-28T08:47:21","date_gmt":"2016-09-28T06:47:21","guid":{"rendered":"http:\/\/www.frankensicht.de\/?p=10006"},"modified":"2016-09-28T08:47:21","modified_gmt":"2016-09-28T06:47:21","slug":"der-technologie-campus-ist-bereits-jetzt-ein-innovationsmotor-fuer-die-region","status":"publish","type":"post","link":"https:\/\/www.frankensicht.de\/?p=10006","title":{"rendered":"Der Technologie Campus ist bereits jetzt ein Innovationsmotor f\u00fcr die Region"},"content":{"rendered":"<p><span style=\"color: #ff0000;\">GRAFENAU &#8211; M\u00dcNCHEN<\/span><\/p>\n<p>&#8222;Der Technologie Campus ist bereits jetzt ein Innovationsmotor f\u00fcr die Region&#8220;, w\u00fcrdigte Wissenschaftsstaatssekret\u00e4r Bernd Sibler heute in Grafenau die Bedeutung dieses Technologietransferzentrums (TTZ) der Technischen Hochschule (TH) Deggendorf. Staatssekret\u00e4r Sibler weiter: &#8222;Wissenschaft und Forschung erh\u00f6hen die Attraktivit\u00e4t einer ganzen Region. Davon sollen die B\u00fcrgerinnen und B\u00fcrger profitieren &#8211; \u00fcberall im Land und gerade hier im Herzen des Bayerwaldes.&#8220; Staatsminister Helmut Brunner betonte: &#8222;Heute feiern wir die Einweihung eines wichtigen Mosaiksteins f\u00fcr die Bildungs- und Innovationsregion Bayerischer Wald und gleichzeitig ein Paradebeispiel f\u00fcr Ortskernbelebung hier am Stadtberg in Grafenau.&#8220;<\/p>\n<p>Der Technologie Campus Grafenau f\u00fchrt beispielsweise das Projekt &#8222;Big Data Zentrum Ostbayern-S\u00fcdb\u00f6hmen&#8220; zusammen mit dem Technologiezentrum Pisek in Tschechien, der S\u00fcdb\u00f6hmischen Wirtschaftskammer und der Industrie- und Handelskammer (IHK) Niederbayern durch. Die bayerischen Institutionen werden mit \u00fcber 800.000 Euro an INTERREG-Mitteln unterst\u00fctzt. Ziel des Projekts ist es, kleine und mittelst\u00e4ndische Unternehmen in Forschung und Innovation in zentralen Bereichen der Digitalisierung wie Big Data und Cloud Computing besser einzubinden und dadurch Informations- und Innovationsvorspr\u00fcnge sowie Wettbewerbsvorteile zu erzielen. K\u00fcnftig wird die Fachkompetenz in Grafenau durch eine Professur f\u00fcr &#8222;Big Data Applications&#8220; verst\u00e4rkt. Diese Professur wurde im Rahmen des neu gegr\u00fcndeten &#8222;Zentrum.Digitalisierung Bayern&#8220; geschaffen und verkn\u00fcpft den &#8222;Silicon Forest&#8220; erfolgreich mit dem Hauptsitz des Zentrums in Garching.<\/p>\n<p><a href=\"https:\/\/www.frankensicht.de\/?attachment_id=9898\" rel=\"attachment wp-att-9898\"><img loading=\"lazy\" decoding=\"async\" class=\"alignnone size-medium wp-image-9898\" src=\"https:\/\/www.frankensicht.de\/wp-content\/uploads\/2016\/08\/pferde-300x225.jpg\" alt=\"pferde\" width=\"300\" height=\"225\" srcset=\"https:\/\/www.frankensicht.de\/wp-content\/uploads\/2016\/08\/pferde-300x225.jpg 300w, https:\/\/www.frankensicht.de\/wp-content\/uploads\/2016\/08\/pferde.jpg 640w\" sizes=\"auto, (max-width: 300px) 100vw, 300px\" \/><\/a><\/p>\n<p>&#8222;Auch mit dem Projekt eDorf hat das Grafenauer Team direkt ins Schwarze getroffen&#8220;, freute sich der Staatssekret\u00e4r. Bei dem weiterentwickelten bayernweiten Projekt eDorf unter Federf\u00fchrung des Wirtschaftsministeriums betreut der Technologie Campus Grafenau f\u00fcr die TH Deggendorf einen von zwei F\u00f6rderbereichen: den F\u00f6rderbereich S\u00fcdbayern. &#8222;Im eDorf gewinnen wir wichtige Erfahrungen besonders f\u00fcr die Digitalisierungspolitik im l\u00e4ndlichen Raum&#8220;, so der Staatssekret\u00e4r.<\/p>\n<p>Das TTZ in Grafenau ist eines von derzeit\u00a0 17 Technologietransferzentren im Freistaat. &#8222;Diese Einrichtungen sind ein gro\u00dfer Gewinn f\u00fcr die Region: Sie st\u00e4rken die \u00f6rtliche Wirtschaftskraft, st\u00fctzen Unternehmensgr\u00fcndungen und Industrieansiedlungen und beg\u00fcnstigen eine positive Bev\u00f6lkerungs-entwicklung&#8220;, betonte Sibler abschlie\u00dfend.<\/p>\n<p>Quelle: stmbw.bayern.de<\/p>\n","protected":false},"excerpt":{"rendered":"<p>GRAFENAU &#8211; M\u00dcNCHEN &#8222;Der Technologie Campus ist bereits jetzt ein Innovationsmotor f\u00fcr die Region&#8220;, w\u00fcrdigte Wissenschaftsstaatssekret\u00e4r Bernd Sibler heute in Grafenau die Bedeutung dieses Technologietransferzentrums (TTZ) der Technischen Hochschule (TH) Deggendorf. Staatssekret\u00e4r Sibler weiter: &#8222;Wissenschaft und Forschung erh\u00f6hen die Attraktivit\u00e4t einer ganzen Region. Davon sollen die B\u00fcrgerinnen und B\u00fcrger profitieren &#8211; \u00fcberall im Land und [&hellip;]<\/p>\n","protected":false},"author":7,"featured_media":9898,"comment_status":"closed","ping_status":"open","sticky":false,"template":"","format":"standard","meta":{"footnotes":""},"categories":[78,71],"tags":[2075],"class_list":["post-10006","post","type-post","status-publish","format-standard","has-post-thumbnail","hentry","category-bayern","category-menue","tag-ttz"],"_links":{"self":[{"href":"https:\/\/www.frankensicht.de\/index.php?rest_route=\/wp\/v2\/posts\/10006","targetHints":{"allow":["GET"]}}],"collection":[{"href":"https:\/\/www.frankensicht.de\/index.php?rest_route=\/wp\/v2\/posts"}],"about":[{"href":"https:\/\/www.frankensicht.de\/index.php?rest_route=\/wp\/v2\/types\/post"}],"author":[{"embeddable":true,"href":"https:\/\/www.frankensicht.de\/index.php?rest_route=\/wp\/v2\/users\/7"}],"replies":[{"embeddable":true,"href":"https:\/\/www.frankensicht.de\/index.php?rest_route=%2Fwp%2Fv2%2Fcomments&post=10006"}],"version-history":[{"count":3,"href":"https:\/\/www.frankensicht.de\/index.php?rest_route=\/wp\/v2\/posts\/10006\/revisions"}],"predecessor-version":[{"id":10009,"href":"https:\/\/www.frankensicht.de\/index.php?rest_route=\/wp\/v2\/posts\/10006\/revisions\/10009"}],"wp:featuredmedia":[{"embeddable":true,"href":"https:\/\/www.frankensicht.de\/index.php?rest_route=\/wp\/v2\/media\/9898"}],"wp:attachment":[{"href":"https:\/\/www.frankensicht.de\/index.php?rest_route=%2Fwp%2Fv2%2Fmedia&parent=10006"}],"wp:term":[{"taxonomy":"category","embeddable":true,"href":"https:\/\/www.frankensicht.de\/index.php?rest_route=%2Fwp%2Fv2%2Fcategories&post=10006"},{"taxonomy":"post_tag","embeddable":true,"href":"https:\/\/www.frankensicht.de\/index.php?rest_route=%2Fwp%2Fv2%2Ftags&post=10006"}],"curies":[{"name":"wp","href":"https:\/\/api.w.org\/{rel}","templated":true}]}}