{"id":10000,"date":"2016-09-27T08:41:42","date_gmt":"2016-09-27T06:41:42","guid":{"rendered":"http:\/\/www.frankensicht.de\/?p=10000"},"modified":"2016-09-27T08:41:42","modified_gmt":"2016-09-27T06:41:42","slug":"hendricks-unterstuetzt-kooperation-zwischen-ruanda-und-el-salvador-beim-wiederaufbau-von-waeldern","status":"publish","type":"post","link":"https:\/\/www.frankensicht.de\/?p=10000","title":{"rendered":"Hendricks unterst\u00fctzt Kooperation zwischen Ruanda und El Salvador beim Wiederaufbau von W\u00e4ldern"},"content":{"rendered":"<p><span style=\"color: #ff0000;\">Berlin -El Salvador:<\/span><\/p>\n<p>Klimaschutz\/Biologische Vielfalt<br \/>\nHendricks unterst\u00fctzt Kooperation zwischen Ruanda und El Salvador beim<br \/>\nWiederaufbau von W\u00e4ldern<\/p>\n<p>Bundesumweltministerin Barbara Hendricks hat heute in Kigali (Ruanda)<br \/>\ngemeinsam mit dem ruandischen Umweltminister Vincent Biruta und der<br \/>\nUmweltministerin aus El Salvador, Lina Pohl, die erste konkrete<br \/>\nS\u00fcd-S\u00fcd-Zusammenarbeit zum Wiederaufbau von W\u00e4ldern auf den Weg<br \/>\ngebracht. Ruanda und El Salvador leiden aufgrund ihrer Waldverluste<br \/>\nbesonders unter den Folgen des Klimawandels. Das Bundesumweltministerium<br \/>\nunterst\u00fctzt beide L\u00e4nder nun beim Wiederaufbau der W\u00e4lder mit fast 14<br \/>\nMillionen Euro. Die Gelder werden aus der Internationalen<br \/>\nKlimaschutzinitiative (IKI) bereitgestellt.<\/p>\n<p><a href=\"https:\/\/www.frankensicht.de\/?attachment_id=10003\" rel=\"attachment wp-att-10003\"><img loading=\"lazy\" decoding=\"async\" class=\"alignnone size-medium wp-image-10003\" src=\"https:\/\/www.frankensicht.de\/wp-content\/uploads\/2016\/09\/baeume-300x225.jpg\" alt=\"baeume\" width=\"300\" height=\"225\" srcset=\"https:\/\/www.frankensicht.de\/wp-content\/uploads\/2016\/09\/baeume-300x225.jpg 300w, https:\/\/www.frankensicht.de\/wp-content\/uploads\/2016\/09\/baeume-768x576.jpg 768w, https:\/\/www.frankensicht.de\/wp-content\/uploads\/2016\/09\/baeume-1024x768.jpg 1024w, https:\/\/www.frankensicht.de\/wp-content\/uploads\/2016\/09\/baeume.jpg 1600w\" sizes=\"auto, (max-width: 300px) 100vw, 300px\" \/><\/a><\/p>\n<p>Bundesumweltministerin Hendricks: \u201eDie Waldverluste werden zur Gefahr<br \/>\nf\u00fcr die nachhaltige Entwicklung vor Ort. Mit dem Wald verschwinden auch<br \/>\ndie Lebensgrundlagen f\u00fcr die l\u00e4ndliche Bev\u00f6lkerung. Ruanda und El<br \/>\nSalvador tun mit dem Wiederaufbau ihrer W\u00e4lder nicht nur Gutes f\u00fcr<br \/>\nKlimaschutz und Artenvielfalt. Sie tragen auch zur Armutsbek\u00e4mpfung und<br \/>\nzu nachhaltiger Entwicklung bei. Wir werden die Regierungen beider L\u00e4nder<br \/>\nbei der Entwicklung von Rahmenbedingungen unterst\u00fctzen, die den<br \/>\nWiederaufbau von W\u00e4ldern auch f\u00fcr private Investoren attraktiv<br \/>\nmachen.\u201c<\/p>\n<p>Bei ihrem Besuch in Ruanda konnte Hendricks sich vor Ort einen Eindruck von<br \/>\nden Aktivit\u00e4ten zum Wiederaufbau von W\u00e4ldern und Waldlandschaften<br \/>\nverschaffen. Eine erste Zusammenarbeit wurde beim Aufbau und der<br \/>\nBewirtschaftung von Kaffeew\u00e4ldern vereinbart. Ruanda und El Salvador<br \/>\nwerden ihre gemeinsamen Aktivit\u00e4ten sowohl auf der Klimakonferenz in<br \/>\nMarrakesch im November, als auch der Biodiversit\u00e4tskonvention im Dezember<br \/>\nin Cancun vorstellen.<\/p>\n<p>Die Idee f\u00fcr die konkrete Partnerschaft geht auf die sogenannte \u201eBonn<br \/>\nChallenge\u201c zur\u00fcck. Vor f\u00fcnf Jahren hat die Bundesregierung mit der<br \/>\nBonn Challenge die wichtigste internationale Aktionsplattform zur Rettung<br \/>\nder W\u00e4lder ins Leben gerufen Die Bonn Challenge hat das Ziel, bis 2020<br \/>\nweltweit 150 Mio. Hektar Wald wiederaufzubauen. Bis 2030 sollen es 350<br \/>\nMio. ha werden. Bereits jetzt haben sich fast 30 L\u00e4nder verpflichtet,<br \/>\ninsgesamt 113 Mio. ha Fl\u00e4che wiederzubewalden. Es folgten regionale<br \/>\nKonferenzen der Aktionsplattform in Lateinamerika 2015 und Afrika 2016.<br \/>\nDort konnten konkrete Ideen entwickelt werden. Inzwischen haben sich beide<br \/>\nL\u00e4nder ambitionierte Ziele f\u00fcr den Wiederaufbau ihrer W\u00e4lder gesetzt:<br \/>\nRuanda hat in seinem Umwelt-Entwicklungsplan das Ziel festgeschrieben, bis<br \/>\nzum Jahr 2020 wieder 30 Prozent Waldbedeckung zu erreichen.<\/p>\n<p>Weiterf\u00fchrende Informationen zum Projekt finden Sie unter:<br \/>\nwww.international-climate-initiative.com\/de\/themen\/natuerliche-kohlenstoffsenken-redd\/<\/p>\n<p>Informationen zur Bonn Challenge finden Sie unter<br \/>\nhttp:\/\/www.bonnchallenge.org<\/p>\n<p>Informationen zur Partnerschaft zwischen Rheinland-Pfalz und Ruanda finden<br \/>\nSie unter:<br \/>\nhttp:\/\/rwa.rlp-ruanda.de\/de\/home\/<\/p>\n<p>https:\/\/www.facebook.com\/bmub.bund<\/p>\n<p>https:\/\/www.instagram.com\/bmub\/<\/p>\n<p><a class=\"twitter-timeline\" data-width=\"640\" data-height=\"960\" data-dnt=\"true\" href=\"https:\/\/twitter.com\/bmub?ref_src=twsrc%5Etfw\">Tweets by bmub<\/a><script async src=\"https:\/\/platform.twitter.com\/widgets.js\" charset=\"utf-8\"><\/script><\/p>\n<p>Quelle:bmub.bund.de<\/p>\n","protected":false},"excerpt":{"rendered":"<p>Berlin -El Salvador: Klimaschutz\/Biologische Vielfalt Hendricks unterst\u00fctzt Kooperation zwischen Ruanda und El Salvador beim Wiederaufbau von W\u00e4ldern Bundesumweltministerin Barbara Hendricks hat heute in Kigali (Ruanda) gemeinsam mit dem ruandischen Umweltminister Vincent Biruta und der Umweltministerin aus El Salvador, Lina Pohl, die erste konkrete S\u00fcd-S\u00fcd-Zusammenarbeit zum Wiederaufbau von W\u00e4ldern auf den Weg gebracht. Ruanda und El [&hellip;]<\/p>\n","protected":false},"author":7,"featured_media":10003,"comment_status":"closed","ping_status":"open","sticky":false,"template":"","format":"standard","meta":{"footnotes":""},"categories":[44,3,30],"tags":[238],"class_list":["post-10000","post","type-post","status-publish","format-standard","has-post-thumbnail","hentry","category-deutschland-2","category-news","category-welt","tag-klimaschutz"],"_links":{"self":[{"href":"https:\/\/www.frankensicht.de\/index.php?rest_route=\/wp\/v2\/posts\/10000","targetHints":{"allow":["GET"]}}],"collection":[{"href":"https:\/\/www.frankensicht.de\/index.php?rest_route=\/wp\/v2\/posts"}],"about":[{"href":"https:\/\/www.frankensicht.de\/index.php?rest_route=\/wp\/v2\/types\/post"}],"author":[{"embeddable":true,"href":"https:\/\/www.frankensicht.de\/index.php?rest_route=\/wp\/v2\/users\/7"}],"replies":[{"embeddable":true,"href":"https:\/\/www.frankensicht.de\/index.php?rest_route=%2Fwp%2Fv2%2Fcomments&post=10000"}],"version-history":[{"count":4,"href":"https:\/\/www.frankensicht.de\/index.php?rest_route=\/wp\/v2\/posts\/10000\/revisions"}],"predecessor-version":[{"id":10005,"href":"https:\/\/www.frankensicht.de\/index.php?rest_route=\/wp\/v2\/posts\/10000\/revisions\/10005"}],"wp:featuredmedia":[{"embeddable":true,"href":"https:\/\/www.frankensicht.de\/index.php?rest_route=\/wp\/v2\/media\/10003"}],"wp:attachment":[{"href":"https:\/\/www.frankensicht.de\/index.php?rest_route=%2Fwp%2Fv2%2Fmedia&parent=10000"}],"wp:term":[{"taxonomy":"category","embeddable":true,"href":"https:\/\/www.frankensicht.de\/index.php?rest_route=%2Fwp%2Fv2%2Fcategories&post=10000"},{"taxonomy":"post_tag","embeddable":true,"href":"https:\/\/www.frankensicht.de\/index.php?rest_route=%2Fwp%2Fv2%2Ftags&post=10000"}],"curies":[{"name":"wp","href":"https:\/\/api.w.org\/{rel}","templated":true}]}}